{"id":20484,"date":"2019-03-18T15:43:40","date_gmt":"2019-03-18T20:43:40","guid":{"rendered":"http:\/\/otempoaqui.com\/?p=20484"},"modified":"2019-03-18T15:43:40","modified_gmt":"2019-03-18T20:43:40","slug":"semana-sera-com-chuvas-fortes-temporais-e-friozinho-polar","status":"publish","type":"post","link":"https:\/\/otempoaqui.com.br\/?p=20484","title":{"rendered":"Semana ser\u00e1 com chuvas fortes, temporais e friozinho polar"},"content":{"rendered":"<h3>FIM DO VER\u00c3O E ALERTA DE TEMPORAIS<\/h3>\n<p>O ver\u00e3o termina \u00e0s 16h58min (hor\u00e1rio de Rio Branco) desta quarta-feira (20\/3\/2019), sendo o dia e a noite de igual dura\u00e7\u00e3o (12 horas cada) em todos os pa\u00edses do mundo, com a passagem do Sol pela linha do equador, rumo ao hemisf\u00e9rio norte da Terra. Neste mesmo dia e hor\u00e1rio, come\u00e7a o outono em todo o hemisf\u00e9rio sul do nosso planeta. \u00c9 o fen\u00f4meno do equin\u00f3cio.<\/p>\n<p>Coincidentemente, o primeiro dia de outono come\u00e7ar\u00e1 com a primeira incurs\u00e3o de ar polar no sul da Amaz\u00f4nia Ocidental, provocando a primeira friagem, embora fraca, no leste e sul do Acre e regi\u00f5es pr\u00f3ximas.<\/p>\n<p>A frente fria &#8211; a sexta deste ano &#8211; chega \u00e0 capital do Acre, por volta do meio-dia de quinta-feira, com rajadas moderadas de vento da dire\u00e7\u00e3o sudeste. Logo em seguida, come\u00e7ar\u00e1 a penetra\u00e7\u00e3o de ar um pouco mais frio, de origem polar, diminuindo a temperatura, mas n\u00e3o haver\u00e1 frio intenso. Ser\u00e1 um friozinho leve, mas com caracter\u00edsticas de friagem fraca.<\/p>\n<p>Como consequ\u00eancia da chegada dessa frente fria, da elevada umidade do ar e do calor da regi\u00e3o, ocorrer\u00e3o chuvas fortes, com possibilidade de raios e ventanias, principalmente no Acre, no sul do Amazonas, no sul e oeste de Rond\u00f4nia, na Bol\u00edvia e no sul da regi\u00e3o de selva do Peru, entre a quarta-feira (20\/3\/2019) e a sexta-feira (22\/3\/2019).<\/p>\n","protected":false},"excerpt":{"rendered":"<p>FIM DO VER\u00c3O E ALERTA DE TEMPORAIS O ver\u00e3o termina \u00e0s 16h58min (hor\u00e1rio de Rio Branco) desta quarta-feira (20\/3\/2019), sendo o dia e a noite de igual dura\u00e7\u00e3o (12 horas cada) em todos os pa\u00edses do mundo, com a passagem do Sol pela linha do equador, rumo ao hemisf\u00e9rio norte da Terra. Neste mesmo dia [&hellip;]<\/p>\n","protected":false},"author":2,"featured_media":0,"comment_status":"open","ping_status":"open","sticky":false,"template":"","format":"standard","meta":{"_jetpack_memberships_contains_paid_content":false,"footnotes":"","jetpack_publicize_message":"","jetpack_publicize_feature_enabled":true,"jetpack_social_post_already_shared":true,"jetpack_social_options":{"image_generator_settings":{"template":"highway","enabled":false},"version":2}},"categories":[1,193],"tags":[73,52,36,61,180,30,125,46,168,26,37,35,45,38],"class_list":["post-20484","post","type-post","status-publish","format-standard","hentry","category-geral","category-previsao-do-tempo","tag-alerta-de-temporais","tag-chuvas","tag-chuvas-fortes","tag-chuvas-intensas","tag-friagem","tag-frio-no-acre","tag-frio-no-brasil","tag-previsao-do-tempo-para-os-proximos-dias","tag-previsao-para-a-semana","tag-previsao-para-os-proximos-dias","tag-raios","tag-temporais","tag-ventania","tag-ventanias"],"jetpack_publicize_connections":[],"jetpack_featured_media_url":"","jetpack_likes_enabled":true,"jetpack_sharing_enabled":true,"_links":{"self":[{"href":"https:\/\/otempoaqui.com.br\/index.php?rest_route=\/wp\/v2\/posts\/20484","targetHints":{"allow":["GET"]}}],"collection":[{"href":"https:\/\/otempoaqui.com.br\/index.php?rest_route=\/wp\/v2\/posts"}],"about":[{"href":"https:\/\/otempoaqui.com.br\/index.php?rest_route=\/wp\/v2\/types\/post"}],"author":[{"embeddable":true,"href":"https:\/\/otempoaqui.com.br\/index.php?rest_route=\/wp\/v2\/users\/2"}],"replies":[{"embeddable":true,"href":"https:\/\/otempoaqui.com.br\/index.php?rest_route=%2Fwp%2Fv2%2Fcomments&post=20484"}],"version-history":[{"count":2,"href":"https:\/\/otempoaqui.com.br\/index.php?rest_route=\/wp\/v2\/posts\/20484\/revisions"}],"predecessor-version":[{"id":20491,"href":"https:\/\/otempoaqui.com.br\/index.php?rest_route=\/wp\/v2\/posts\/20484\/revisions\/20491"}],"wp:attachment":[{"href":"https:\/\/otempoaqui.com.br\/index.php?rest_route=%2Fwp%2Fv2%2Fmedia&parent=20484"}],"wp:term":[{"taxonomy":"category","embeddable":true,"href":"https:\/\/otempoaqui.com.br\/index.php?rest_route=%2Fwp%2Fv2%2Fcategories&post=20484"},{"taxonomy":"post_tag","embeddable":true,"href":"https:\/\/otempoaqui.com.br\/index.php?rest_route=%2Fwp%2Fv2%2Ftags&post=20484"}],"curies":[{"name":"wp","href":"https:\/\/api.w.org\/{rel}","templated":true}]}}