{"id":20474,"date":"2019-03-17T18:17:02","date_gmt":"2019-03-17T23:17:02","guid":{"rendered":"http:\/\/otempoaqui.com\/?p=20474"},"modified":"2019-03-17T18:17:02","modified_gmt":"2019-03-17T23:17:02","slug":"friagem-a-vista-primeira-onda-de-frio-polar-de-2019-chega-ao-acre-e-regioes-proximas-nesta-semana-mas-sera-fraca","status":"publish","type":"post","link":"https:\/\/otempoaqui.com.br\/?p=20474","title":{"rendered":"Friagem \u00e0 vista! Primeira onda de frio polar de 2019 chega ao Acre e regi\u00f5es pr\u00f3ximas nesta semana, mas ser\u00e1 fraca."},"content":{"rendered":"<h3>ALERTA DE CHUVAS FORTES<\/h3>\n<p>A primeira onda de frio polar de 2019 chegar\u00e1 ao Acre na pr\u00f3xima quinta-feira (21\/3\/2019), ou seja, no primeiro dia ap\u00f3s o fim do ver\u00e3o. Portanto, o outono come\u00e7a com friagem fraca no sul da Amaz\u00f4nia Ocidental e no sul e oeste do Centro-Oeste do Brasil, assim como nas plan\u00edcies da Bol\u00edvia e da regi\u00e3o de selva do Peru.<\/p>\n<p>A sexta frente fria do ano a chegar \u00e0 regi\u00e3o ser\u00e1 sucedida pela primeira incurs\u00e3o de ar polar do ano. No entanto, ainda n\u00e3o haver\u00e1 frio intenso, mas a temperatura cair\u00e1, pela primeira vez este ano, dando caracter\u00edsticas de uma friagem leve.<\/p>\n<p><em>O<\/em>\u00a0<em>Tempo Aqui<\/em> alerta que, devido \u00e0 aproxima\u00e7\u00e3o e chegada desta frente fria e \u00e0 elevada umidade do ar que est\u00e1 na regi\u00e3o, poder\u00e3o ocorrer temporais, com chuvas fortes, raios, ventanias e queda pontual de granizo, nas pr\u00f3ximas quarta-feira e quinta-feira, principalmente no leste e sul do Acre, no sul do Amazonas, no sul e oeste de Rond\u00f4nia, no sul e oeste de Mato Grosso, nas plan\u00edcies da Bol\u00edvia e no sul e sudeste da regi\u00e3o de selva do Peru.<\/p>\n<p>Nesta segunda-feira (18\/3\/2019), estaremos publicando, entre 14h e 16h (hor\u00e1rio de Rio Branco), informa\u00e7\u00f5es mais precisas sobre a intensidade, a hora da chegada e a abrang\u00eancia dessa onda de frio.<\/p>\n<p>Acompanhe, portanto, nossas atualiza\u00e7\u00f5es para ficar melhor informado sobre o tempo nos pr\u00f3ximos dias.<\/p>\n","protected":false},"excerpt":{"rendered":"<p>ALERTA DE CHUVAS FORTES A primeira onda de frio polar de 2019 chegar\u00e1 ao Acre na pr\u00f3xima quinta-feira (21\/3\/2019), ou seja, no primeiro dia ap\u00f3s o fim do ver\u00e3o. Portanto, o outono come\u00e7a com friagem fraca no sul da Amaz\u00f4nia Ocidental e no sul e oeste do Centro-Oeste do Brasil, assim como nas plan\u00edcies da [&hellip;]<\/p>\n","protected":false},"author":2,"featured_media":0,"comment_status":"open","ping_status":"open","sticky":false,"template":"","format":"standard","meta":{"_jetpack_memberships_contains_paid_content":false,"footnotes":"","jetpack_publicize_message":"","jetpack_publicize_feature_enabled":true,"jetpack_social_post_already_shared":true,"jetpack_social_options":{"image_generator_settings":{"template":"highway","enabled":false},"version":2}},"categories":[1,193],"tags":[73,52,36,61,180,30,125,23,46,26,37,35,45,38],"class_list":["post-20474","post","type-post","status-publish","format-standard","hentry","category-geral","category-previsao-do-tempo","tag-alerta-de-temporais","tag-chuvas","tag-chuvas-fortes","tag-chuvas-intensas","tag-friagem","tag-frio-no-acre","tag-frio-no-brasil","tag-previsao-do-tempo","tag-previsao-do-tempo-para-os-proximos-dias","tag-previsao-para-os-proximos-dias","tag-raios","tag-temporais","tag-ventania","tag-ventanias"],"jetpack_publicize_connections":[],"jetpack_featured_media_url":"","jetpack_likes_enabled":true,"jetpack_sharing_enabled":true,"_links":{"self":[{"href":"https:\/\/otempoaqui.com.br\/index.php?rest_route=\/wp\/v2\/posts\/20474","targetHints":{"allow":["GET"]}}],"collection":[{"href":"https:\/\/otempoaqui.com.br\/index.php?rest_route=\/wp\/v2\/posts"}],"about":[{"href":"https:\/\/otempoaqui.com.br\/index.php?rest_route=\/wp\/v2\/types\/post"}],"author":[{"embeddable":true,"href":"https:\/\/otempoaqui.com.br\/index.php?rest_route=\/wp\/v2\/users\/2"}],"replies":[{"embeddable":true,"href":"https:\/\/otempoaqui.com.br\/index.php?rest_route=%2Fwp%2Fv2%2Fcomments&post=20474"}],"version-history":[{"count":2,"href":"https:\/\/otempoaqui.com.br\/index.php?rest_route=\/wp\/v2\/posts\/20474\/revisions"}],"predecessor-version":[{"id":20486,"href":"https:\/\/otempoaqui.com.br\/index.php?rest_route=\/wp\/v2\/posts\/20474\/revisions\/20486"}],"wp:attachment":[{"href":"https:\/\/otempoaqui.com.br\/index.php?rest_route=%2Fwp%2Fv2%2Fmedia&parent=20474"}],"wp:term":[{"taxonomy":"category","embeddable":true,"href":"https:\/\/otempoaqui.com.br\/index.php?rest_route=%2Fwp%2Fv2%2Fcategories&post=20474"},{"taxonomy":"post_tag","embeddable":true,"href":"https:\/\/otempoaqui.com.br\/index.php?rest_route=%2Fwp%2Fv2%2Ftags&post=20474"}],"curies":[{"name":"wp","href":"https:\/\/api.w.org\/{rel}","templated":true}]}}