{"id":19998,"date":"2019-01-19T13:56:47","date_gmt":"2019-01-19T18:56:47","guid":{"rendered":"http:\/\/otempoaqui.com\/?p=19998"},"modified":"2019-01-19T13:56:47","modified_gmt":"2019-01-19T18:56:47","slug":"alerta-de-chuvas-intensas-nivel-do-rio-acre-em-rio-branco-comecara-a-baixar-mas-podera-voltar-a-subir-domingo-tem-eclipse-total-com-super-lua","status":"publish","type":"post","link":"https:\/\/otempoaqui.com.br\/?p=19998","title":{"rendered":"Alerta de chuvas intensas. N\u00edvel do rio Acre, em Rio Branco, come\u00e7ar\u00e1 a baixar, mas poder\u00e1 voltar a subir. Domingo tem eclipse total com Super Lua."},"content":{"rendered":"<h3>CHUVAS FORTES E TEMPERATURA AMENA<\/h3>\n<p>As condi\u00e7\u00f5es atmosf\u00e9ricas estar\u00e3o favor\u00e1veis, neste s\u00e1bado (19\/1\/2019) e no domingo, \u00e0 ocorr\u00eancia de chuvas fortes, com raios, ventanias e queda pontual de granizo, em algumas \u00e1reas do Acre, de Rond\u00f4nia, do Amazonas, de Mato Grosso, da Bol\u00edvia e do Peru.<br \/>\nA causa do mau tempo \u00e9 a chegada da primeira frente fria do ano, que, embora muito fraca, provoca tempo severo, devido \u00e0 elevada umidade do ar que est\u00e1 na regi\u00e3o.<br \/>\nComo <em>O<\/em>\u00a0<em>Tempo Aqui<\/em> informou ontem, n\u00e3o haver\u00e1 frio nem tampouco friagem, pois n\u00e3o ocorrer\u00e1 incurs\u00e3o de ar polar. No entanto, os ventos mudam de dire\u00e7\u00e3o e passam a soprar de sudeste, com rajadas eventuais e varia\u00e7\u00f5es do sul e de leste. A temperatura fica amena a partir da tarde deste s\u00e1bado at\u00e9 o dia seguinte, domingo.<br \/>\nChuvas intensas dever\u00e3o ocorrer diariamente no Acre, pelo menos at\u00e9 a pr\u00f3xima quinta-feira (24\/1\/2019). Assim, <em>O<\/em>\u00a0<em>Tempo Aqui<\/em> alerta para a possibilidade de transbordamentos de c\u00f3rregos e igarap\u00e9s, inunda\u00e7\u00e3o de ruas e deslizamentos de terra.<\/p>\n<p>&nbsp;<\/p>\n<h3>N\u00cdVEL DO RIO ACRE COME\u00c7AR\u00c1 A BAIXAR<\/h3>\n<p>Neste s\u00e1bado, por volta das 14h, o n\u00edvel do rio Acre, em Rio Branco, atingiu a maior cota deste ver\u00e3o, at\u00e9 o momento, com 14,45m.<br \/>\nEnorme quantidade de galhos e troncos de \u00e1rvores ficaram retidos pelas colunas das pontes da cidade, conforme <em>O<\/em>\u00a0<em>Tempo Aqui<\/em> havia alertado.<br \/>\nA partir deste domingo, seu n\u00edvel come\u00e7ar\u00e1 a baixar, pois n\u00e3o ocorreram chuvas intensas na sua bacia hidrogr\u00e1fica nas \u00faltimas 48h. Os n\u00edveis dos rios Xapuri e Rola, principais afluentes do rio Acre, est\u00e3o baixando rapidamente, assim como em Brasileia e em Assis Brasil.<br \/>\nNo entanto, as chuvas intensas que come\u00e7ar\u00e3o a ocorrer novamente a partir deste s\u00e1bado, poder\u00e3o fazer o n\u00edvel do rio subir rapidamente na pr\u00f3xima semana.<br \/>\nPor enquanto, n\u00e3o se pode fazer nenhuma afirma\u00e7\u00e3o de que haver\u00e1 enchente de propor\u00e7\u00f5es alarmantes em Rio Branco e nas demais cidades banhadas pelo rio Acre, como se tem noticiado.<br \/>\nA possibilidade de uma enchente alarmante existe, sim, mas, tamb\u00e9m, h\u00e1 a possibilidade de n\u00e3o acontecer nem mesmo uma enchente de porte m\u00e9dio, mesmo com as chuvas acima da m\u00e9dia.<\/p>\n<p>&nbsp;<\/p>\n<h3>OLHE PARA A LUA NESTE DOMINGO<\/h3>\n<p>Neste domingo ocorrer\u00e1 o \u00faltimo eclipse total da Lua at\u00e9 o ano de 2021.<br \/>\nO mais emocionante deste eclipse \u00e9 que, simultaneamente, ocorrer\u00e1 o fen\u00f4meno da Super Lua, quando ela ficar\u00e1 mais pr\u00f3xima da Terra. Portanto, na noite de domingo para segunda-feira, a Lua estar\u00e1 a menos de 358.000km dos nossos olhos.<br \/>\nAssim, ela aparecer\u00e1 30% mais brilhante e 14% maior do que nas luas cheias normais.<br \/>\nA sombra da Terra come\u00e7ar\u00e1 a aparecer na Lua, exatamente \u00e0s 22h34min (hor\u00e1rio de Rio Branco) da noite de domingo e desaparecer\u00e1 \u00e0 1h50min de segunda-feira, com 3h17min de dura\u00e7\u00e3o.<br \/>\nQuando os rel\u00f3gios marcarem 23h41min, toda a Lua estar\u00e1 encoberta pela sombra da Terra e assim ficar\u00e1 at\u00e9 0h43min, com 1h2min de dura\u00e7\u00e3o. O auge do evento acontecer\u00e1 quando os rel\u00f3gios marcarem 0h12min, no come\u00e7o da segunda-feira.<br \/>\nNo entanto, a superf\u00edcie lunar n\u00e3o ficar\u00e1 invis\u00edvel, pois os raios solares de cor vermelha ser\u00e3o refratados pela atmosfera terrestre e incidir\u00e3o na Lua, deixando-a com a cor de sangue. Por este motivo este fen\u00f4meno \u00e9 conhecido como Lua de Sangue.<br \/>\nOlhe para o c\u00e9u, a partir das 23h41min deste domingo e veja a sombra do nosso planeta projetada na superf\u00edcie da Lua.<br \/>\nTudo indica que as nuvens, em Rio Branco e na maior parte do Acre, n\u00e3o cobrir\u00e3o todo o c\u00e9u na noite de domingo, permitindo, assim, que possamos ver este fen\u00f4meno, que se repetir\u00e1, na sua totalidade, somente no ano de 2021, mas sem Super Lua.<\/p>\n","protected":false},"excerpt":{"rendered":"<p>CHUVAS FORTES E TEMPERATURA AMENA As condi\u00e7\u00f5es atmosf\u00e9ricas estar\u00e3o favor\u00e1veis, neste s\u00e1bado (19\/1\/2019) e no domingo, \u00e0 ocorr\u00eancia de chuvas fortes, com raios, ventanias e queda pontual de granizo, em algumas \u00e1reas do Acre, de Rond\u00f4nia, do Amazonas, de Mato Grosso, da Bol\u00edvia e do Peru. A causa do mau tempo \u00e9 a chegada da [&hellip;]<\/p>\n","protected":false},"author":2,"featured_media":0,"comment_status":"open","ping_status":"open","sticky":false,"template":"","format":"standard","meta":{"_jetpack_memberships_contains_paid_content":false,"footnotes":"","jetpack_publicize_message":"","jetpack_publicize_feature_enabled":true,"jetpack_social_post_already_shared":true,"jetpack_social_options":{"image_generator_settings":{"template":"highway","enabled":false},"version":2}},"categories":[1,193],"tags":[73,52,36,61,161,171,172,82,39,157,46,26,64,35],"class_list":["post-19998","post","type-post","status-publish","format-standard","hentry","category-geral","category-previsao-do-tempo","tag-alerta-de-temporais","tag-chuvas","tag-chuvas-fortes","tag-chuvas-intensas","tag-enchente","tag-enchente-do-rio-acre","tag-enchentes","tag-enchentes-e-alagacoes","tag-nivel-do-rio-acre","tag-nivel-dos-rios","tag-previsao-do-tempo-para-os-proximos-dias","tag-previsao-para-os-proximos-dias","tag-rio-acre","tag-temporais"],"jetpack_publicize_connections":[],"jetpack_featured_media_url":"","jetpack_likes_enabled":true,"jetpack_sharing_enabled":true,"_links":{"self":[{"href":"https:\/\/otempoaqui.com.br\/index.php?rest_route=\/wp\/v2\/posts\/19998","targetHints":{"allow":["GET"]}}],"collection":[{"href":"https:\/\/otempoaqui.com.br\/index.php?rest_route=\/wp\/v2\/posts"}],"about":[{"href":"https:\/\/otempoaqui.com.br\/index.php?rest_route=\/wp\/v2\/types\/post"}],"author":[{"embeddable":true,"href":"https:\/\/otempoaqui.com.br\/index.php?rest_route=\/wp\/v2\/users\/2"}],"replies":[{"embeddable":true,"href":"https:\/\/otempoaqui.com.br\/index.php?rest_route=%2Fwp%2Fv2%2Fcomments&post=19998"}],"version-history":[{"count":2,"href":"https:\/\/otempoaqui.com.br\/index.php?rest_route=\/wp\/v2\/posts\/19998\/revisions"}],"predecessor-version":[{"id":20006,"href":"https:\/\/otempoaqui.com.br\/index.php?rest_route=\/wp\/v2\/posts\/19998\/revisions\/20006"}],"wp:attachment":[{"href":"https:\/\/otempoaqui.com.br\/index.php?rest_route=%2Fwp%2Fv2%2Fmedia&parent=19998"}],"wp:term":[{"taxonomy":"category","embeddable":true,"href":"https:\/\/otempoaqui.com.br\/index.php?rest_route=%2Fwp%2Fv2%2Fcategories&post=19998"},{"taxonomy":"post_tag","embeddable":true,"href":"https:\/\/otempoaqui.com.br\/index.php?rest_route=%2Fwp%2Fv2%2Ftags&post=19998"}],"curies":[{"name":"wp","href":"https:\/\/api.w.org\/{rel}","templated":true}]}}