{"id":1942,"date":"2014-01-18T16:24:41","date_gmt":"2014-01-18T21:24:41","guid":{"rendered":"http:\/\/otempoaqui.com\/?p=1942"},"modified":"2014-01-18T16:32:50","modified_gmt":"2014-01-18T21:32:50","slug":"lerta-alta-probabilidade-de-temporais-com-chuvas-fortes-raios-e-ventanias-no-final-da-tarde-ou-durante-a-noite-deste-sabado-em-rio-branco-sena-madureira-feijo-tarauaca-acrelandia-capixaba-e-p","status":"publish","type":"post","link":"https:\/\/otempoaqui.com.br\/?p=1942","title":{"rendered":"ALERTA: Alta probabilidade de temporais com chuvas fortes, raios e ventanias, no final da tarde ou durante a noite deste s\u00e1bado, em Rio Branco, Sena Madureira, Feij\u00f3, Tarauac\u00e1, Acrel\u00e2ndia, Capixaba e proximidades."},"content":{"rendered":"<p>15h 35min<\/p>\n<p>As condi\u00e7\u00f5es atmosf\u00e9ricas est\u00e3o altamente favor\u00e1veis \u00e0 ocorr\u00eancia de fortes temporais, com possibilidade de chuvas intensas, raios e ventanias, a partir do final da tarde ou durante a noite deste s\u00e1bado, 18 de janeiro, em Rio Branco, Sena Madureira, Feij\u00f3, Tarauac\u00e1, Acrel\u00e2ndia, Capixaba e proximidades.<br \/>\nEm alguns pontos, poder\u00e3o ocorrer s\u00e9rios transtornos \u00e0 popula\u00e7\u00e3o atingida pelo mau tempo.<br \/>\nDeve-se ressaltar que nem todos esses munic\u00edpios poder\u00e3o ser atingidos por temporais com a mesma intensidade. Em alguns pontos, ser\u00e3o fracos e, em outros, poder\u00e3o ser muito fortes, mas as condi\u00e7\u00f5es meteorol\u00f3gicas est\u00e3o favor\u00e1veis para todo o leste, o centro e o sudeste do Acre, no final da tarde ou durante a noite deste s\u00e1bado.<br \/>\n\u00c9 importante que a popula\u00e7\u00e3o fique alerta para evitar transtornos ou preju\u00edzos maiores, principalmente, no que diz respeito \u00e0 seguran\u00e7a e, em especial, devido aos raios que poder\u00e3o ocorrer.<\/p>\n","protected":false},"excerpt":{"rendered":"<p>15h 35min As condi\u00e7\u00f5es atmosf\u00e9ricas est\u00e3o altamente favor\u00e1veis \u00e0 ocorr\u00eancia de fortes temporais, com possibilidade de chuvas intensas, raios e ventanias, a partir do final da tarde ou durante a noite deste s\u00e1bado, 18 de janeiro, em Rio Branco, Sena Madureira, Feij\u00f3, Tarauac\u00e1, Acrel\u00e2ndia, Capixaba e proximidades. Em alguns pontos, poder\u00e3o ocorrer s\u00e9rios transtornos \u00e0 [&hellip;]<\/p>\n","protected":false},"author":2,"featured_media":0,"comment_status":"open","ping_status":"open","sticky":false,"template":"","format":"standard","meta":{"_jetpack_memberships_contains_paid_content":false,"footnotes":"","jetpack_publicize_message":"","jetpack_publicize_feature_enabled":true,"jetpack_social_post_already_shared":true,"jetpack_social_options":{"image_generator_settings":{"template":"highway","enabled":false},"version":2}},"categories":[1],"tags":[73],"class_list":["post-1942","post","type-post","status-publish","format-standard","hentry","category-geral","tag-alerta-de-temporais"],"jetpack_publicize_connections":[],"jetpack_featured_media_url":"","jetpack_likes_enabled":true,"jetpack_sharing_enabled":true,"_links":{"self":[{"href":"https:\/\/otempoaqui.com.br\/index.php?rest_route=\/wp\/v2\/posts\/1942","targetHints":{"allow":["GET"]}}],"collection":[{"href":"https:\/\/otempoaqui.com.br\/index.php?rest_route=\/wp\/v2\/posts"}],"about":[{"href":"https:\/\/otempoaqui.com.br\/index.php?rest_route=\/wp\/v2\/types\/post"}],"author":[{"embeddable":true,"href":"https:\/\/otempoaqui.com.br\/index.php?rest_route=\/wp\/v2\/users\/2"}],"replies":[{"embeddable":true,"href":"https:\/\/otempoaqui.com.br\/index.php?rest_route=%2Fwp%2Fv2%2Fcomments&post=1942"}],"version-history":[{"count":0,"href":"https:\/\/otempoaqui.com.br\/index.php?rest_route=\/wp\/v2\/posts\/1942\/revisions"}],"wp:attachment":[{"href":"https:\/\/otempoaqui.com.br\/index.php?rest_route=%2Fwp%2Fv2%2Fmedia&parent=1942"}],"wp:term":[{"taxonomy":"category","embeddable":true,"href":"https:\/\/otempoaqui.com.br\/index.php?rest_route=%2Fwp%2Fv2%2Fcategories&post=1942"},{"taxonomy":"post_tag","embeddable":true,"href":"https:\/\/otempoaqui.com.br\/index.php?rest_route=%2Fwp%2Fv2%2Ftags&post=1942"}],"curies":[{"name":"wp","href":"https:\/\/api.w.org\/{rel}","templated":true}]}}