{"id":19376,"date":"2018-11-06T16:04:31","date_gmt":"2018-11-06T21:04:31","guid":{"rendered":"http:\/\/otempoaqui.com\/?p=19376"},"modified":"2018-11-06T16:04:31","modified_gmt":"2018-11-06T21:04:31","slug":"alerta-de-chuvas-intensas-no-acre-rondonia-amazonas-mato-grosso-goias-distrito-federal-bolivia-e-peru","status":"publish","type":"post","link":"https:\/\/otempoaqui.com.br\/?p=19376","title":{"rendered":"Alerta de chuvas intensas no Acre, Rond\u00f4nia, Amazonas, Mato Grosso, Goi\u00e1s, Distrito Federal, Bol\u00edvia e Peru"},"content":{"rendered":"<h3>CHUVAS FORTES NESTA SEMANA<\/h3>\n<p>Durante esta semana, as condi\u00e7\u00f5es atmosf\u00e9ricas estar\u00e3o altamente favor\u00e1veis \u00e0 ocorr\u00eancia de chuvas fortes e volumosas na maior parte do Acre, de Rond\u00f4nia, de Mato Grosso, de Goi\u00e1s, do Distrito Federal, do Amazonas, do Peru e da Bol\u00edvia.<\/p>\n<p>V\u00e1rios eventos meteorol\u00f3gicos atuar\u00e3o para a ocorr\u00eancia deste tempo severo:<br \/>\n&#8211; um centro de baixa press\u00e3o atmosf\u00e9rica em Goi\u00e1s e em Mato Grosso;<br \/>\n&#8211; um centro de alta press\u00e3o atmosf\u00e9rica pr\u00f3ximo ao litoral do Rio de Janeiro;<br \/>\n&#8211; o deslocamento de uma frente fria moderada na dire\u00e7\u00e3o do Acre;<br \/>\n&#8211; a penetra\u00e7\u00e3o de intensos pulsos \u00famidos do Atl\u00e2ntico (PUA).<\/p>\n<p>Em muitas \u00e1reas, as chuvas ser\u00e3o acompanhadas de fortes descargas el\u00e9tricas, ventanias e queda pontual de granizo.<\/p>\n<p>Acumulados de chuva poder\u00e3o superar 100mm, at\u00e9 o pr\u00f3ximo domingo, em v\u00e1rios pontos da Amaz\u00f4nia sul-ocidental e do Centro-Oeste do Brasil, principalmente em \u00e1reas do Acre, de Mato Grosso, de Goi\u00e1s e do Distrito Federal, al\u00e9m das plan\u00edcies da Bol\u00edvia e da regi\u00e3o de selva do Peru e o lado oriental dos Andes destes pa\u00edses.<\/p>\n<p>&nbsp;<\/p>\n<h3>FRIOZINHO E TEMPO FECHADO<\/h3>\n<p>A chegada de uma frente fria nesta quarta-feira deixar\u00e1 o tempo fechado, com muita chuva, no Acre e proximidades, diminuindo a temperatura diurna.<\/p>\n<p>Os ventos de sudeste estar\u00e3o soprando com fortes rajadas, principalmente na quinta-feira, deixando a temperatura amena no estado.<\/p>\n<p>Em Bras\u00edlia e no leste, sudeste e sul de Goi\u00e1s, al\u00e9m das chuvas intensas, os dias ficar\u00e3o frios neste fim de semana, sendo que a maior temperatura do dia dever\u00e1 ficar abaixo de 22\u00baC, com ventos intensos da dire\u00e7\u00e3o leste, devido a um centro de alta press\u00e3o atmosf\u00e9rica no oceano Atl\u00e2ntico.<\/p>\n<p>&nbsp;<\/p>\n<h3>ALERTA DE TRANSTORNOS<\/h3>\n<p><em>O<\/em>\u00a0<em>Tempo Aqui<\/em> alerta para a alta probabilidade de ocorr\u00eancia de s\u00e9rios transtornos \u00e0 popula\u00e7\u00e3o de pontos vulner\u00e1veis durante esta semana, como r\u00e1pida inunda\u00e7\u00e3o de ruas, transbordamento de c\u00f3rregos e igarap\u00e9s, queda de galhos e \u00e1rvores e destelhamento de edifica\u00e7\u00f5es, al\u00e9m do perigo potencial dos raios.<\/p>\n<p>Este alerta \u00e9 v\u00e1lido para o Acre, Amazonas, Mato Grosso, Goi\u00e1s, Distrito Federal, Bol\u00edvia e Peru.<\/p>\n<p>Acompanhe nossas atualiza\u00e7\u00f5es para ficar melhor informado sobre o tempo nos pr\u00f3ximos dias.<\/p>\n","protected":false},"excerpt":{"rendered":"<p>CHUVAS FORTES NESTA SEMANA Durante esta semana, as condi\u00e7\u00f5es atmosf\u00e9ricas estar\u00e3o altamente favor\u00e1veis \u00e0 ocorr\u00eancia de chuvas fortes e volumosas na maior parte do Acre, de Rond\u00f4nia, de Mato Grosso, de Goi\u00e1s, do Distrito Federal, do Amazonas, do Peru e da Bol\u00edvia. V\u00e1rios eventos meteorol\u00f3gicos atuar\u00e3o para a ocorr\u00eancia deste tempo severo: &#8211; um centro [&hellip;]<\/p>\n","protected":false},"author":2,"featured_media":0,"comment_status":"open","ping_status":"open","sticky":false,"template":"","format":"standard","meta":{"_jetpack_memberships_contains_paid_content":false,"footnotes":"","jetpack_publicize_message":"","jetpack_publicize_feature_enabled":true,"jetpack_social_post_already_shared":true,"jetpack_social_options":{"image_generator_settings":{"template":"highway","enabled":false},"version":2}},"categories":[1,193],"tags":[73,52,36,61,46,168,26,37,35,45,38],"class_list":["post-19376","post","type-post","status-publish","format-standard","hentry","category-geral","category-previsao-do-tempo","tag-alerta-de-temporais","tag-chuvas","tag-chuvas-fortes","tag-chuvas-intensas","tag-previsao-do-tempo-para-os-proximos-dias","tag-previsao-para-a-semana","tag-previsao-para-os-proximos-dias","tag-raios","tag-temporais","tag-ventania","tag-ventanias"],"jetpack_publicize_connections":[],"jetpack_featured_media_url":"","jetpack_likes_enabled":true,"jetpack_sharing_enabled":true,"_links":{"self":[{"href":"https:\/\/otempoaqui.com.br\/index.php?rest_route=\/wp\/v2\/posts\/19376","targetHints":{"allow":["GET"]}}],"collection":[{"href":"https:\/\/otempoaqui.com.br\/index.php?rest_route=\/wp\/v2\/posts"}],"about":[{"href":"https:\/\/otempoaqui.com.br\/index.php?rest_route=\/wp\/v2\/types\/post"}],"author":[{"embeddable":true,"href":"https:\/\/otempoaqui.com.br\/index.php?rest_route=\/wp\/v2\/users\/2"}],"replies":[{"embeddable":true,"href":"https:\/\/otempoaqui.com.br\/index.php?rest_route=%2Fwp%2Fv2%2Fcomments&post=19376"}],"version-history":[{"count":2,"href":"https:\/\/otempoaqui.com.br\/index.php?rest_route=\/wp\/v2\/posts\/19376\/revisions"}],"predecessor-version":[{"id":19380,"href":"https:\/\/otempoaqui.com.br\/index.php?rest_route=\/wp\/v2\/posts\/19376\/revisions\/19380"}],"wp:attachment":[{"href":"https:\/\/otempoaqui.com.br\/index.php?rest_route=%2Fwp%2Fv2%2Fmedia&parent=19376"}],"wp:term":[{"taxonomy":"category","embeddable":true,"href":"https:\/\/otempoaqui.com.br\/index.php?rest_route=%2Fwp%2Fv2%2Fcategories&post=19376"},{"taxonomy":"post_tag","embeddable":true,"href":"https:\/\/otempoaqui.com.br\/index.php?rest_route=%2Fwp%2Fv2%2Ftags&post=19376"}],"curies":[{"name":"wp","href":"https:\/\/api.w.org\/{rel}","templated":true}]}}