{"id":1934,"date":"2014-01-17T17:30:44","date_gmt":"2014-01-17T22:30:44","guid":{"rendered":"http:\/\/otempoaqui.com\/?p=1934"},"modified":"2014-01-17T17:30:44","modified_gmt":"2014-01-17T22:30:44","slug":"alerta-de-temporal-alta-probabilidade-de-chuvas-fortes-acompanhadas-de-raios-e-ventanias-na-noite-desta-sexta-feira-em-rio-branco-sena-madureira-feijo-brasileia-acrelandia-e-municipios-vizinho","status":"publish","type":"post","link":"https:\/\/otempoaqui.com.br\/?p=1934","title":{"rendered":"ALERTA DE TEMPORAL: Alta probabilidade de chuvas fortes, acompanhadas de raios e ventanias, na noite desta sexta-feira, em Rio Branco, Sena Madureira, Feij\u00f3, Brasileia, Acrel\u00e2ndia e munic\u00edpios vizinhos a estes."},"content":{"rendered":"<p>16h 50min<\/p>\n<p>    Uma intensa massa de ar \u00famida e tempestuosa aproxima-se do Acre, vindo do Amazonas.<br \/>\n    Assim, as condi\u00e7\u00f5es atmosf\u00e9ricas est\u00e3o altamente favor\u00e1veis para a ocorr\u00eancia de temporais, com chuvas fortes, acompanhadas de raios e ventanias, ap\u00f3s as 21 horas desta sexta-feira, dia 17, nos munic\u00edpios de Rio Branco, Sena Madureira, Feij\u00f3, Brasileia, Manuel Urbano, Acrel\u00e2ndia, Bujari, Senador Guiomard, Porto Acre, Pl\u00e1cido de Castro, Capixaba, Xapuri, Epitaciol\u00e2ndia e Brasileia.<br \/>\n    Em alguns pontos desses munic\u00edpios, poder\u00e3o ocorrer transtornos \u00e0 popula\u00e7\u00e3o atingida pelo mau tempo.<br \/>\n    Deve-se ressaltar que, em alguns desses munic\u00edpios, a intensidade do temporal poder\u00e1 ser maior e, em outro, menor, ou at\u00e9, chover fraco. No entanto, as condi\u00e7\u00f5es meteorol\u00f3gicas est\u00e3o favor\u00e1veis \u00e0 ocorr\u00eancia de chuvas intensas, na maioria deles.<br \/>\n    A fun\u00e7\u00e3o da meteorologia \u00e9 alertar para que se evitem maiores transtornos.<\/p>\n","protected":false},"excerpt":{"rendered":"<p>16h 50min Uma intensa massa de ar \u00famida e tempestuosa aproxima-se do Acre, vindo do Amazonas. Assim, as condi\u00e7\u00f5es atmosf\u00e9ricas est\u00e3o altamente favor\u00e1veis para a ocorr\u00eancia de temporais, com chuvas fortes, acompanhadas de raios e ventanias, ap\u00f3s as 21 horas desta sexta-feira, dia 17, nos munic\u00edpios de Rio Branco, Sena Madureira, Feij\u00f3, Brasileia, Manuel Urbano, [&hellip;]<\/p>\n","protected":false},"author":2,"featured_media":0,"comment_status":"open","ping_status":"open","sticky":false,"template":"","format":"standard","meta":{"_jetpack_memberships_contains_paid_content":false,"footnotes":"","jetpack_publicize_message":"","jetpack_publicize_feature_enabled":true,"jetpack_social_post_already_shared":true,"jetpack_social_options":{"image_generator_settings":{"template":"highway","enabled":false},"version":2}},"categories":[1],"tags":[73],"class_list":["post-1934","post","type-post","status-publish","format-standard","hentry","category-geral","tag-alerta-de-temporais"],"jetpack_publicize_connections":[],"jetpack_featured_media_url":"","jetpack_likes_enabled":true,"jetpack_sharing_enabled":true,"_links":{"self":[{"href":"https:\/\/otempoaqui.com.br\/index.php?rest_route=\/wp\/v2\/posts\/1934","targetHints":{"allow":["GET"]}}],"collection":[{"href":"https:\/\/otempoaqui.com.br\/index.php?rest_route=\/wp\/v2\/posts"}],"about":[{"href":"https:\/\/otempoaqui.com.br\/index.php?rest_route=\/wp\/v2\/types\/post"}],"author":[{"embeddable":true,"href":"https:\/\/otempoaqui.com.br\/index.php?rest_route=\/wp\/v2\/users\/2"}],"replies":[{"embeddable":true,"href":"https:\/\/otempoaqui.com.br\/index.php?rest_route=%2Fwp%2Fv2%2Fcomments&post=1934"}],"version-history":[{"count":0,"href":"https:\/\/otempoaqui.com.br\/index.php?rest_route=\/wp\/v2\/posts\/1934\/revisions"}],"wp:attachment":[{"href":"https:\/\/otempoaqui.com.br\/index.php?rest_route=%2Fwp%2Fv2%2Fmedia&parent=1934"}],"wp:term":[{"taxonomy":"category","embeddable":true,"href":"https:\/\/otempoaqui.com.br\/index.php?rest_route=%2Fwp%2Fv2%2Fcategories&post=1934"},{"taxonomy":"post_tag","embeddable":true,"href":"https:\/\/otempoaqui.com.br\/index.php?rest_route=%2Fwp%2Fv2%2Ftags&post=1934"}],"curies":[{"name":"wp","href":"https:\/\/api.w.org\/{rel}","templated":true}]}}