{"id":19333,"date":"2018-11-01T15:34:51","date_gmt":"2018-11-01T20:34:51","guid":{"rendered":"http:\/\/otempoaqui.com\/?p=19333"},"modified":"2018-11-01T15:34:51","modified_gmt":"2018-11-01T20:34:51","slug":"feriadao-quente-com-chuvas-e-possibilidade-de-temporais","status":"publish","type":"post","link":"https:\/\/otempoaqui.com.br\/?p=19333","title":{"rendered":"Feriad\u00e3o quente, com chuvas e possibilidade de temporais"},"content":{"rendered":"<h3><em>MUITA UMIDADE NA REGI\u00c3O<\/em><\/h3>\n<p>O calor abafado e as chuvas passageiras e pontuais v\u00e3o continuar neste feriad\u00e3o, at\u00e9, pelo menos, a pr\u00f3xima segunda-feira (5\/11\/2018), no Acre, com possibilidade de temporais isolados.<br \/>\nAs chuvas mais fortes e intensas, com alta probabilidade de temporais, ocorrer\u00e3o em Rond\u00f4nia, no Distrito Federal, em Goi\u00e1s, em Mato Grosso, no Amazonas e nas plan\u00edcies da Bol\u00edvia, com calor abafado, na maioria dos dias deste feriad\u00e3o.<br \/>\nNo Acre e na regi\u00e3o de selva do Peru, as chuvas ser\u00e3o menos intensas &#8211; apenas passageiras e pontuais &#8211; na sexta-feira, mas aumentam &#8211; com temporais &#8211; no s\u00e1bado e no domingo. No entanto, n\u00e3o est\u00e3o descartando temporais isolados.<br \/>\nDe um modo geral, haver\u00e1 muitas nuvens em toda a regi\u00e3o nestes dias, mas o sol aparecer\u00e1 e deixar\u00e1 o tempo abafado, na maior parte do tempo.<br \/>\nA causa destas chuvas di\u00e1rias s\u00e3o os intensos pulsos \u00famidos do Atl\u00e2ntico (PUA), que continuam a penetrar, deixando os dias inst\u00e1veis.<br \/>\nOs ventos estar\u00e3o soprando, na maior parte do tempo, da dire\u00e7\u00e3o norte e varia\u00e7\u00f5es de noroeste e de nordeste, tanto no sul da Amaz\u00f4nia Ocidental, como no Centro-Oeste do Brasil.<br \/>\nEspecificamente no Acre, a partir de s\u00e1bado, os ventos ser\u00e3o mais intensos, com fortes rajadas, deixando os dias bastante ventilados.<\/p>\n<p>&nbsp;<\/p>\n<h3><em>RIO ACRE ATINGE O<\/em>\u00a0<em>MAIOR N\u00cdVEL<\/em><\/h3>\n<p>As chuvas que t\u00eam ocorrido na bacia do rio Acre, elevaram seu n\u00edvel. Nesta quinta-feira, em Rio Branco, marcava 3,82m, no in\u00edcio da tarde, sendo a maior cota registrada desde o \u00faltimo dia 26 de agosto, quando atingiu 3,77m.<br \/>\nNo entanto, nos pr\u00f3ximos dias, dever\u00e1 baixar um pouco, tendo em vista que as chuvas, no seu alto curso, diminuir\u00e3o neste fim de semana. J\u00e1, na pr\u00f3xima semana, dever\u00e3o ocorrer chuvas intensas, fazendo seu n\u00edvel subir novamente.<\/p>\n<p>&nbsp;<\/p>\n<h3><em>ALERTA DE TEMPORAIS<\/em><\/h3>\n<p>Neste fim de semana, os alertas de temporais, com chuvas fortes, raios, ventanias e queda pontual de granizo, ficam, aproximadamente, com os n\u00edveis:<\/p>\n<p>&#8211; <strong>MUITO ALTO,<\/strong> em Mato Grosso, em Goi\u00e1s e no Distrito Federal;<br \/>\n&#8211; <strong>ALTO,<\/strong> no Amazonas, em Rond\u00f4nia e na Bol\u00edvia;<br \/>\n&#8211; <strong>M\u00c9DIO,<\/strong> no Acre e no Peru.<\/p>\n<p>Assim, \u00e9 importante que a popula\u00e7\u00e3o fique atenta, principalmente quando surgirem nuvens carregadas, a fim de evitar maiores preju\u00edzos ou transtornos.<\/p>\n","protected":false},"excerpt":{"rendered":"<p>MUITA UMIDADE NA REGI\u00c3O O calor abafado e as chuvas passageiras e pontuais v\u00e3o continuar neste feriad\u00e3o, at\u00e9, pelo menos, a pr\u00f3xima segunda-feira (5\/11\/2018), no Acre, com possibilidade de temporais isolados. As chuvas mais fortes e intensas, com alta probabilidade de temporais, ocorrer\u00e3o em Rond\u00f4nia, no Distrito Federal, em Goi\u00e1s, em Mato Grosso, no Amazonas [&hellip;]<\/p>\n","protected":false},"author":2,"featured_media":0,"comment_status":"open","ping_status":"open","sticky":false,"template":"","format":"standard","meta":{"_jetpack_memberships_contains_paid_content":false,"footnotes":"","jetpack_publicize_message":"","jetpack_publicize_feature_enabled":true,"jetpack_social_post_already_shared":true,"jetpack_social_options":{"image_generator_settings":{"template":"highway","enabled":false},"version":2}},"categories":[1,193],"tags":[73,52,36,61,39,46,26,37,35,45,38],"class_list":["post-19333","post","type-post","status-publish","format-standard","hentry","category-geral","category-previsao-do-tempo","tag-alerta-de-temporais","tag-chuvas","tag-chuvas-fortes","tag-chuvas-intensas","tag-nivel-do-rio-acre","tag-previsao-do-tempo-para-os-proximos-dias","tag-previsao-para-os-proximos-dias","tag-raios","tag-temporais","tag-ventania","tag-ventanias"],"jetpack_publicize_connections":[],"jetpack_featured_media_url":"","jetpack_likes_enabled":true,"jetpack_sharing_enabled":true,"_links":{"self":[{"href":"https:\/\/otempoaqui.com.br\/index.php?rest_route=\/wp\/v2\/posts\/19333","targetHints":{"allow":["GET"]}}],"collection":[{"href":"https:\/\/otempoaqui.com.br\/index.php?rest_route=\/wp\/v2\/posts"}],"about":[{"href":"https:\/\/otempoaqui.com.br\/index.php?rest_route=\/wp\/v2\/types\/post"}],"author":[{"embeddable":true,"href":"https:\/\/otempoaqui.com.br\/index.php?rest_route=\/wp\/v2\/users\/2"}],"replies":[{"embeddable":true,"href":"https:\/\/otempoaqui.com.br\/index.php?rest_route=%2Fwp%2Fv2%2Fcomments&post=19333"}],"version-history":[{"count":2,"href":"https:\/\/otempoaqui.com.br\/index.php?rest_route=\/wp\/v2\/posts\/19333\/revisions"}],"predecessor-version":[{"id":19337,"href":"https:\/\/otempoaqui.com.br\/index.php?rest_route=\/wp\/v2\/posts\/19333\/revisions\/19337"}],"wp:attachment":[{"href":"https:\/\/otempoaqui.com.br\/index.php?rest_route=%2Fwp%2Fv2%2Fmedia&parent=19333"}],"wp:term":[{"taxonomy":"category","embeddable":true,"href":"https:\/\/otempoaqui.com.br\/index.php?rest_route=%2Fwp%2Fv2%2Fcategories&post=19333"},{"taxonomy":"post_tag","embeddable":true,"href":"https:\/\/otempoaqui.com.br\/index.php?rest_route=%2Fwp%2Fv2%2Ftags&post=19333"}],"curies":[{"name":"wp","href":"https:\/\/api.w.org\/{rel}","templated":true}]}}