{"id":18931,"date":"2018-09-14T15:17:07","date_gmt":"2018-09-14T20:17:07","guid":{"rendered":"http:\/\/otempoaqui.com\/?p=18931"},"modified":"2018-09-14T15:17:07","modified_gmt":"2018-09-14T20:17:07","slug":"ventos-de-835km-h-e-chuvas-fortes-atingiram-rio-branco-vem-mais-chuvas-e-temporais-neste-fim-de-semana-no-acre-rondonia-amazonas-mato-grosso-e-goias","status":"publish","type":"post","link":"https:\/\/otempoaqui.com.br\/?p=18931","title":{"rendered":"Ventos de 83,5km\/h e chuvas fortes atingiram Rio Branco. Vem mais chuvas e temporais neste fim de semana no Acre, Rond\u00f4nia, Amazonas, Mato Grosso e Goi\u00e1s."},"content":{"rendered":"<h3>CALOR E VENTOS FORTES<\/h3>\n<p>Como <em>O<\/em>\u00a0<em>Tempo Aqui<\/em> alertou, um temporal atingiu parte de Rio Branco e de munic\u00edpios pr\u00f3ximos na \u00faltima quinta-feira (13\/9\/2018). Os ventos atingiram velocidade de 83,5km\/h, segundo registro da esta\u00e7\u00e3o meteorol\u00f3gica do INMET, no in\u00edcio da Transacreana. Chuvas fortes, com trovoadas, ocorreram em v\u00e1rios bairros da capital e nos munic\u00edpios vizinhos.<br \/>\nOutro temporal, no mesmo dia, no Acre, ocorreu nas cidades de Cruzeiro do Sul e M\u00e2ncio Lima, com rajadas de vento de 54km\/h, registradas na esta\u00e7\u00e3o meteorol\u00f3gica do aeroporto da cidade. Em Porto Walter, ocorreram rajadas de 37km\/h.<br \/>\nNo sul do Amazonas, tamb\u00e9m ocorreram fortes temporais, com ventos registrados de 51km\/h, em Boca do Acre.<br \/>\nNesta quinta-feira, os registros de temperatura m\u00e1xima, segundo o INMET, no Acre, foram:<br \/>\n. 36,2\u00baC, em Tarauac\u00e1;<br \/>\n. 35,6\u00baC, em Rio Branco, Brasileia e Epitaciol\u00e2ndia.<\/p>\n<p>&nbsp;<\/p>\n<h3>MAIS CHUVAS E TEMPORAIS \u00c0 VISTA!<\/h3>\n<p>Pulsos \u00famidos do Atl\u00e2ntico &#8211; PUA &#8211; continuam a avan\u00e7ar na dire\u00e7\u00e3o da Amaz\u00f4nia e do Centro-Oeste do Brasil, ao mesmo tempo que uma corrente de ar um pouco mais fria, origin\u00e1ria do sul do continente, desloca-se na dire\u00e7\u00e3o norte.<br \/>\nAssim, neste fim de semana, at\u00e9 por volta da pr\u00f3xima ter\u00e7a-feira (18\/9\/2018), criam-se condi\u00e7\u00f5es atmosf\u00e9ricas altamente favor\u00e1veis \u00e0 forma\u00e7\u00e3o de nuvens carregadas que, inevitavelmente, resultam em temporais, com chuvas fortes, raios, ventanias perigosas e queda localizada de granizo, em \u00e1reas do Acre, de Rond\u00f4nia, do Amazonas, de Mato Grosso, de Goi\u00e1s e do Distrito Federal, al\u00e9m das plan\u00edcies da Bol\u00edvia e da regi\u00e3o de selva do Peru. Em Goi\u00e1s, as chuvas mais volumosas ocorrer\u00e3o no sudeste, no sul e no sudoeste do estado. Em Bras\u00edlia, chove de forma pontual.<br \/>\nA condi\u00e7\u00e3o de tempo com chuvas mais intensas ser\u00e1 entre domingo e na ter\u00e7a-feira.<br \/>\nNestes pr\u00f3ximos dias, o calor diminui, mas fica abado, devido ao aumento da umidade relativa do ar.<\/p>\n<p>&nbsp;<\/p>\n<h3>ALERTA DE MAU TEMPO<\/h3>\n<p>Portanto, as condi\u00e7\u00f5es atmosf\u00e9ricas, at\u00e9 por volta da pr\u00f3xima ter\u00e7a-feira, estar\u00e3o favor\u00e1veis \u00e0 ocorr\u00eancia de tempo severo, mas de forma pontual, na Amaz\u00f4nia e no Centro-Oeste do Brasil, podendo ocorrer chuvas fortes, com muitos raios, ventanias perigosas e queda de granizo.<br \/>\nAssim, \u00e9 bom ficar atento \u00e0s mudan\u00e7as r\u00e1pidas do tempo, a fim de evitar maiores preju\u00edzos ou transtornos.<\/p>\n","protected":false},"excerpt":{"rendered":"<p>CALOR E VENTOS FORTES Como O\u00a0Tempo Aqui alertou, um temporal atingiu parte de Rio Branco e de munic\u00edpios pr\u00f3ximos na \u00faltima quinta-feira (13\/9\/2018). Os ventos atingiram velocidade de 83,5km\/h, segundo registro da esta\u00e7\u00e3o meteorol\u00f3gica do INMET, no in\u00edcio da Transacreana. Chuvas fortes, com trovoadas, ocorreram em v\u00e1rios bairros da capital e nos munic\u00edpios vizinhos. Outro [&hellip;]<\/p>\n","protected":false},"author":2,"featured_media":0,"comment_status":"open","ping_status":"open","sticky":false,"template":"","format":"standard","meta":{"_jetpack_memberships_contains_paid_content":false,"footnotes":"","jetpack_publicize_message":"","jetpack_publicize_feature_enabled":true,"jetpack_social_post_already_shared":true,"jetpack_social_options":{"image_generator_settings":{"template":"highway","enabled":false},"version":2}},"categories":[192,1,193],"tags":[73,52,36,61,46,26,37,35,45,38],"class_list":["post-18931","post","type-post","status-publish","format-standard","hentry","category-diario-do-tempo","category-geral","category-previsao-do-tempo","tag-alerta-de-temporais","tag-chuvas","tag-chuvas-fortes","tag-chuvas-intensas","tag-previsao-do-tempo-para-os-proximos-dias","tag-previsao-para-os-proximos-dias","tag-raios","tag-temporais","tag-ventania","tag-ventanias"],"jetpack_publicize_connections":[],"jetpack_featured_media_url":"","jetpack_likes_enabled":true,"jetpack_sharing_enabled":true,"_links":{"self":[{"href":"https:\/\/otempoaqui.com.br\/index.php?rest_route=\/wp\/v2\/posts\/18931","targetHints":{"allow":["GET"]}}],"collection":[{"href":"https:\/\/otempoaqui.com.br\/index.php?rest_route=\/wp\/v2\/posts"}],"about":[{"href":"https:\/\/otempoaqui.com.br\/index.php?rest_route=\/wp\/v2\/types\/post"}],"author":[{"embeddable":true,"href":"https:\/\/otempoaqui.com.br\/index.php?rest_route=\/wp\/v2\/users\/2"}],"replies":[{"embeddable":true,"href":"https:\/\/otempoaqui.com.br\/index.php?rest_route=%2Fwp%2Fv2%2Fcomments&post=18931"}],"version-history":[{"count":2,"href":"https:\/\/otempoaqui.com.br\/index.php?rest_route=\/wp\/v2\/posts\/18931\/revisions"}],"predecessor-version":[{"id":18935,"href":"https:\/\/otempoaqui.com.br\/index.php?rest_route=\/wp\/v2\/posts\/18931\/revisions\/18935"}],"wp:attachment":[{"href":"https:\/\/otempoaqui.com.br\/index.php?rest_route=%2Fwp%2Fv2%2Fmedia&parent=18931"}],"wp:term":[{"taxonomy":"category","embeddable":true,"href":"https:\/\/otempoaqui.com.br\/index.php?rest_route=%2Fwp%2Fv2%2Fcategories&post=18931"},{"taxonomy":"post_tag","embeddable":true,"href":"https:\/\/otempoaqui.com.br\/index.php?rest_route=%2Fwp%2Fv2%2Ftags&post=18931"}],"curies":[{"name":"wp","href":"https:\/\/api.w.org\/{rel}","templated":true}]}}