{"id":18920,"date":"2018-09-13T13:51:41","date_gmt":"2018-09-13T18:51:41","guid":{"rendered":"http:\/\/otempoaqui.com\/?p=18920"},"modified":"2018-09-13T15:08:13","modified_gmt":"2018-09-13T20:08:13","slug":"alerta-de-temporal-com-chuvas-raios-e-fortes-ventanias-nesta-quinta-feira-em-rio-branco-e-em-outros-varios-pontos-do-acre","status":"publish","type":"post","link":"https:\/\/otempoaqui.com.br\/?p=18920","title":{"rendered":"Alerta de temporal, com chuvas, raios e fortes ventanias, nesta quinta-feira, em Rio Branco e em outros v\u00e1rios pontos do Acre"},"content":{"rendered":"<h2>VENTOS PODEM SER FORTES<\/h2>\n<p><strong><em>O<\/em><\/strong>\u00a0<em><strong>Tempo Aqui<\/strong><\/em> alerta para a alta probabilidade de ocorr\u00eancia, durante a tarde ou in\u00edcio da noite desta quinta-feira (13\/9\/2018), de temporal, com chuvas, raios, fortes ventanias e queda pontual de granizo, em \u00e1reas do Acre, principalmente em Rio Branco, Porto Acre, Bujari, Senador Guiomard e Acrel\u00e2ndia, assim como nas cidades ao longo da BR-364, entre Sena Madureira e Cruzeiro do Sul.<br \/>\nAs rajadas de vento podem passar de 60km\/h, em alguns pontos, com alto poder de destelhamento de edifica\u00e7\u00f5es e queda de \u00e1rvores.<br \/>\nA causa deste tempo adverso que se aproxima \u00e9 um intenso pulso \u00famido, que se desloca rapidamente na dire\u00e7\u00e3o do Acre, vindo da dire\u00e7\u00e3o norte, ou seja do sul do Amazonas.<br \/>\nAssim, os ventos, na capital do Acre, soprar\u00e3o da dire\u00e7\u00e3o norte, com varia\u00e7\u00f5es de nordeste e de noroeste, atingindo primeiramente a parte alta da cidade situada no in\u00edcio da AC-10.<br \/>\nOutras \u00e1reas do estado tamb\u00e9m poder\u00e3o ser atingidas por temporais nesta quinta-feira, principalmente entre Sena Madureira e Tarauac\u00e1.<\/p>\n","protected":false},"excerpt":{"rendered":"<p>VENTOS PODEM SER FORTES O\u00a0Tempo Aqui alerta para a alta probabilidade de ocorr\u00eancia, durante a tarde ou in\u00edcio da noite desta quinta-feira (13\/9\/2018), de temporal, com chuvas, raios, fortes ventanias e queda pontual de granizo, em \u00e1reas do Acre, principalmente em Rio Branco, Porto Acre, Bujari, Senador Guiomard e Acrel\u00e2ndia, assim como nas cidades ao [&hellip;]<\/p>\n","protected":false},"author":2,"featured_media":0,"comment_status":"open","ping_status":"open","sticky":false,"template":"","format":"standard","meta":{"_jetpack_memberships_contains_paid_content":false,"footnotes":"","jetpack_publicize_message":"","jetpack_publicize_feature_enabled":true,"jetpack_social_post_already_shared":true,"jetpack_social_options":{"image_generator_settings":{"template":"highway","enabled":false},"version":2}},"categories":[1,193],"tags":[73,52,36,61,23,37,35,45,38],"class_list":["post-18920","post","type-post","status-publish","format-standard","hentry","category-geral","category-previsao-do-tempo","tag-alerta-de-temporais","tag-chuvas","tag-chuvas-fortes","tag-chuvas-intensas","tag-previsao-do-tempo","tag-raios","tag-temporais","tag-ventania","tag-ventanias"],"jetpack_publicize_connections":[],"jetpack_featured_media_url":"","jetpack_likes_enabled":true,"jetpack_sharing_enabled":true,"_links":{"self":[{"href":"https:\/\/otempoaqui.com.br\/index.php?rest_route=\/wp\/v2\/posts\/18920","targetHints":{"allow":["GET"]}}],"collection":[{"href":"https:\/\/otempoaqui.com.br\/index.php?rest_route=\/wp\/v2\/posts"}],"about":[{"href":"https:\/\/otempoaqui.com.br\/index.php?rest_route=\/wp\/v2\/types\/post"}],"author":[{"embeddable":true,"href":"https:\/\/otempoaqui.com.br\/index.php?rest_route=\/wp\/v2\/users\/2"}],"replies":[{"embeddable":true,"href":"https:\/\/otempoaqui.com.br\/index.php?rest_route=%2Fwp%2Fv2%2Fcomments&post=18920"}],"version-history":[{"count":4,"href":"https:\/\/otempoaqui.com.br\/index.php?rest_route=\/wp\/v2\/posts\/18920\/revisions"}],"predecessor-version":[{"id":18926,"href":"https:\/\/otempoaqui.com.br\/index.php?rest_route=\/wp\/v2\/posts\/18920\/revisions\/18926"}],"wp:attachment":[{"href":"https:\/\/otempoaqui.com.br\/index.php?rest_route=%2Fwp%2Fv2%2Fmedia&parent=18920"}],"wp:term":[{"taxonomy":"category","embeddable":true,"href":"https:\/\/otempoaqui.com.br\/index.php?rest_route=%2Fwp%2Fv2%2Fcategories&post=18920"},{"taxonomy":"post_tag","embeddable":true,"href":"https:\/\/otempoaqui.com.br\/index.php?rest_route=%2Fwp%2Fv2%2Ftags&post=18920"}],"curies":[{"name":"wp","href":"https:\/\/api.w.org\/{rel}","templated":true}]}}