{"id":18909,"date":"2018-09-12T16:18:05","date_gmt":"2018-09-12T21:18:05","guid":{"rendered":"http:\/\/otempoaqui.com\/?p=18909"},"modified":"2018-09-12T16:45:36","modified_gmt":"2018-09-12T21:45:36","slug":"temperatura-passou-de-35oc-em-rio-branco-com-registro-de-novo-recorde-do-ano-chuvas-diminuicao-do-calor-e-temporais-a-vista","status":"publish","type":"post","link":"https:\/\/otempoaqui.com.br\/?p=18909","title":{"rendered":"Temperatura passou de 35\u00baC, em Rio Branco, com registro de novo recorde do ano. Chuvas, diminui\u00e7\u00e3o do calor e temporais \u00e0 vista!"},"content":{"rendered":"<h3>RIO BRANCO REGISTROU 35,8\u00baC<\/h3>\n<p>Pelo quinto dia consecutivo, o Acre registrou recordes de calor de 2018. Agora foi a vez de Rio Branco, novamente, com 35,8\u00baC, a maior temperatura do ano, at\u00e9 o momento, registrada \u00e0s 14h de ter\u00e7a-feira (11\/9\/2018), pela esta\u00e7\u00e3o meteorol\u00f3gica da REDEMET, no aeroporto da cidade.<br \/>\nO recorde anterior, deste ano, na capital, havia ocorrido dois dias antes, no domingo, com m\u00e1xima de 34,9\u00baC, na mesma esta\u00e7\u00e3o meteorol\u00f3gica da REDEMET.<br \/>\nLogo ap\u00f3s o registro do calor intenso na ter\u00e7a-feira, um temporal atingiu Rio Branco, com ventos de 52km\/h, no aeroporto (REDEMET), e 41km\/h, no in\u00edcio da Transacreana (INMET).<br \/>\nChuvas fortes, com raios e fortes ventanias, ocorreram nos munic\u00edpios de Porto Acre e Bujari, assim como em v\u00e1rios bairros de Rio Branco. Muitas pessoas relataram queda de granizo intenso.<\/p>\n<p>&nbsp;<\/p>\n<h3>CALOR DIMINUI E CHUVAS AUMENTAM<\/h3>\n<p>Pulsos \u00famidos do Atl\u00e2ntico avan\u00e7am da dire\u00e7\u00e3o do Acre e provocam chuvas fortes, com raios, ventanias e queda pontual de granizo, pelo menos at\u00e9 a pr\u00f3xima segunda-feira (17\/9\/2018). Assim, o calor diminui, mas aumenta a sensa\u00e7\u00e3o de tempo abafado, nos pr\u00f3ximos dias, j\u00e1 a partir desta quinta-feira.<br \/>\nAlerta, portanto, de fortes temporais, nestes dias no Acre, no Amazonas, em Rond\u00f4nia, em Mato Grosso (oeste, noroeste, norte e nordeste mato-grossense), Bol\u00edvia (centro, noroeste, norte e nordeste) e Peru (regi\u00e3o de selva).<br \/>\nO tempo vai continuar quente nos pr\u00f3ximos dias, mas o calor diminui devido \u00e0 forma\u00e7\u00e3o de muitas nuvens de chuva na regi\u00e3o.<br \/>\nDurante esta semana, principalmente a partir de sexta-feira, chove, tamb\u00e9m, em \u00e1reas de Goi\u00e1s e do Distrito Federal e na maior parte de Mato Grosso, aumentando, portanto, a umidade relativa do ar da regi\u00e3o.<\/p>\n<p>&nbsp;<\/p>\n<h3>FURAC\u00c3O NOS ESTADOS UNIDOS E NO CARIBE<\/h3>\n<p>Nesta quinta-feira (13\/8\/2018), o furac\u00e3o Florence atingir\u00e1 a costa leste dos Estados Unidos com categoria m\u00e1xima, principalmente a Carolina do Norte, mas com efeitos desde o norte da Fl\u00f3rida at\u00e9 o sul de Washington.<br \/>\nAs condi\u00e7\u00f5es atmosf\u00e9ricas atuais indicam que poder\u00e1 ser o mais forte furac\u00e3o das \u00faltimas d\u00e9cadas, com ventos superiores a 230km\/h. Este furac\u00e3o poder\u00e1 durar at\u00e9 o pr\u00f3ximo domingo, com alto poder destrutivo.<br \/>\nTamb\u00e9m nesta quinta-feira, outro furac\u00e3o atingir\u00e1 as primeiras ilhas do Caribe (regi\u00e3o de Barbuda e Ant\u00edgua) e, nos dias seguintes, as ilhas da Rep\u00fablica Dominicana e do Haiti e de Cuba, sendo que, na pr\u00f3xima semana, poder\u00e1 atingir a Fl\u00f3rida, nos Estados Unidos.<\/p>\n","protected":false},"excerpt":{"rendered":"<p>RIO BRANCO REGISTROU 35,8\u00baC Pelo quinto dia consecutivo, o Acre registrou recordes de calor de 2018. Agora foi a vez de Rio Branco, novamente, com 35,8\u00baC, a maior temperatura do ano, at\u00e9 o momento, registrada \u00e0s 14h de ter\u00e7a-feira (11\/9\/2018), pela esta\u00e7\u00e3o meteorol\u00f3gica da REDEMET, no aeroporto da cidade. O recorde anterior, deste ano, na [&hellip;]<\/p>\n","protected":false},"author":2,"featured_media":0,"comment_status":"open","ping_status":"open","sticky":false,"template":"","format":"standard","meta":{"_jetpack_memberships_contains_paid_content":false,"footnotes":"","jetpack_publicize_message":"","jetpack_publicize_feature_enabled":true,"jetpack_social_post_already_shared":true,"jetpack_social_options":{"image_generator_settings":{"template":"highway","enabled":false},"version":2}},"categories":[192,1,193],"tags":[73,54,52,36,61,10,46,26,37,29,35,45,38],"class_list":["post-18909","post","type-post","status-publish","format-standard","hentry","category-diario-do-tempo","category-geral","category-previsao-do-tempo","tag-alerta-de-temporais","tag-calor-intenso","tag-chuvas","tag-chuvas-fortes","tag-chuvas-intensas","tag-diario-do-clima","tag-previsao-do-tempo-para-os-proximos-dias","tag-previsao-para-os-proximos-dias","tag-raios","tag-recorde-de-calor","tag-temporais","tag-ventania","tag-ventanias"],"jetpack_publicize_connections":[],"jetpack_featured_media_url":"","jetpack_likes_enabled":true,"jetpack_sharing_enabled":true,"_links":{"self":[{"href":"https:\/\/otempoaqui.com.br\/index.php?rest_route=\/wp\/v2\/posts\/18909","targetHints":{"allow":["GET"]}}],"collection":[{"href":"https:\/\/otempoaqui.com.br\/index.php?rest_route=\/wp\/v2\/posts"}],"about":[{"href":"https:\/\/otempoaqui.com.br\/index.php?rest_route=\/wp\/v2\/types\/post"}],"author":[{"embeddable":true,"href":"https:\/\/otempoaqui.com.br\/index.php?rest_route=\/wp\/v2\/users\/2"}],"replies":[{"embeddable":true,"href":"https:\/\/otempoaqui.com.br\/index.php?rest_route=%2Fwp%2Fv2%2Fcomments&post=18909"}],"version-history":[{"count":4,"href":"https:\/\/otempoaqui.com.br\/index.php?rest_route=\/wp\/v2\/posts\/18909\/revisions"}],"predecessor-version":[{"id":18915,"href":"https:\/\/otempoaqui.com.br\/index.php?rest_route=\/wp\/v2\/posts\/18909\/revisions\/18915"}],"wp:attachment":[{"href":"https:\/\/otempoaqui.com.br\/index.php?rest_route=%2Fwp%2Fv2%2Fmedia&parent=18909"}],"wp:term":[{"taxonomy":"category","embeddable":true,"href":"https:\/\/otempoaqui.com.br\/index.php?rest_route=%2Fwp%2Fv2%2Fcategories&post=18909"},{"taxonomy":"post_tag","embeddable":true,"href":"https:\/\/otempoaqui.com.br\/index.php?rest_route=%2Fwp%2Fv2%2Ftags&post=18909"}],"curies":[{"name":"wp","href":"https:\/\/api.w.org\/{rel}","templated":true}]}}