{"id":18630,"date":"2018-08-14T13:28:36","date_gmt":"2018-08-14T18:28:36","guid":{"rendered":"http:\/\/otempoaqui.com\/?p=18630"},"modified":"2018-08-14T13:28:36","modified_gmt":"2018-08-14T18:28:36","slug":"chuvas-e-queda-da-temperatura-no-acre-e-rondonia-nova-onda-de-frio-polar-pode-provocar-temporais","status":"publish","type":"post","link":"https:\/\/otempoaqui.com.br\/?p=18630","title":{"rendered":"Chuvas e queda da temperatura no Acre e Rond\u00f4nia. Nova onda de frio polar pode provocar temporais."},"content":{"rendered":"<h3><em>FRIAGEM E<\/em>\u00a0<em>CHUVAS EST\u00c3O CHEGANDO<\/em><\/h3>\n<p>Mais uma onda de frio polar avan\u00e7a rapidamente na dire\u00e7\u00e3o da Amaz\u00f4nia Ocidental, cuja frente fria chegar\u00e1 ao leste e ao sul do Acre e ao sul e oeste de Rond\u00f4nia, na manh\u00e3 desta quarta-feira (15\/8\/2018), com ventos infensos da dire\u00e7\u00e3o sudeste. Em alguns pontos, as rajadas poder\u00e3o atingir velocidade superior a 40km\/h.<br \/>\nEsta j\u00e1 \u00e9 a frente fria de n\u00famero 13 a atingir o Acre, com penetra\u00e7\u00e3o de ar polar, neste ano de 2018.<br \/>\nAssim, esta quarta-feira ser\u00e1 com tempo inst\u00e1vel, c\u00e9u encoberto e chuvas a qualquer momento desde as primeiras horas do dia no leste e no sul do Acre. Na parte da tarde, a frente fria avan\u00e7a na dire\u00e7\u00e3o do vale do Juru\u00e1, onde deixar\u00e1 o tempo inst\u00e1vel tamb\u00e9m.<br \/>\nAs chuvas s\u00e3o consequ\u00eancia dos pulsos \u00famidos do Atl\u00e2ntico, que avan\u00e7am da dire\u00e7\u00e3o do Acre, passando tamb\u00e9m por Rond\u00f4nia e pelo Amazonas, al\u00e9m do noroeste e do oeste de Mato Grosso, e o seu choque com o ar frio que chegar\u00e1 \u00e0 regi\u00e3o.<br \/>\nA temperatura m\u00e1xima, no in\u00edcio da tarde desta quarta-feira, nas regi\u00f5es acreanas de Rio Branco e de Brasileia, e nas rondonienses de Guajar\u00e1-Mirim, Costa Marques e Vilhena, dever\u00e3o ficar abaixo de 24\u00baC, com sensa\u00e7\u00e3o t\u00e9rmica inferior devido aos ventos intensos que estar\u00e3o soprando da dire\u00e7\u00e3o sudeste. Em alumas cidades destas regi\u00f5es, a temperatura m\u00e1xima poder\u00e1 ficar inferior a 20\u00baC.<br \/>\n\u00c0 noite, por\u00e9m, n\u00e3o haver\u00e1 decl\u00ednio acentuado da temperatura, e as m\u00ednimas, ao amanhecer de quinta-feira, dever\u00e3o oscilar entre 15 e 18\u00baC, no leste e sul do Acre e no sul e oeste de Rond\u00f4nia.<\/p>\n<p>&nbsp;<\/p>\n<h3><em>ALERTA DE TEMPORAIS<\/em><\/h3>\n<p>A partir desta ter\u00e7a-feira (14\/8\/2018), mas, principalmente, na quarta-feira, as condi\u00e7\u00f5es atmosf\u00e9ricas estar\u00e3o altamente favor\u00e1veis \u00e0 ocorr\u00eancia de temporais, com chuvas fortes e generalizadas, raios, ventanias e queda pontual de granizo, no Acre, em Rond\u00f4nia, no Amazonas, no oeste e noroeste de Mato Grosso, nas plan\u00edcies da Bol\u00edvia e na regi\u00e3o de selva do Peru.<br \/>\nEm algumas \u00e1reas do Acre, principalmente nos vales dos rios Acre, Iaco e Juru\u00e1, o acumulado de chuvas, nas pr\u00f3ximas 48 horas, poder\u00e1 oscilar entre 30 e 60mm.<br \/>\n\u00c9 importante que a popula\u00e7\u00e3o fique atenta a fim de evitar maiores preju\u00edzos ou transtornos.<br \/>\nAcompanhe nossas atualiza\u00e7\u00f5es a qualquer momento para ficar melhor informado sobre o tempo nos pr\u00f3ximos dias.<\/p>\n","protected":false},"excerpt":{"rendered":"<p>FRIAGEM E\u00a0CHUVAS EST\u00c3O CHEGANDO Mais uma onda de frio polar avan\u00e7a rapidamente na dire\u00e7\u00e3o da Amaz\u00f4nia Ocidental, cuja frente fria chegar\u00e1 ao leste e ao sul do Acre e ao sul e oeste de Rond\u00f4nia, na manh\u00e3 desta quarta-feira (15\/8\/2018), com ventos infensos da dire\u00e7\u00e3o sudeste. Em alguns pontos, as rajadas poder\u00e3o atingir velocidade superior [&hellip;]<\/p>\n","protected":false},"author":2,"featured_media":0,"comment_status":"open","ping_status":"open","sticky":false,"template":"","format":"standard","meta":{"_jetpack_memberships_contains_paid_content":false,"footnotes":"","jetpack_publicize_message":"","jetpack_publicize_feature_enabled":true,"jetpack_social_post_already_shared":true,"jetpack_social_options":{"image_generator_settings":{"template":"highway","enabled":false},"version":2}},"categories":[1,193],"tags":[73,52,36,61,180,30,125,23,22,37,35,45,38],"class_list":["post-18630","post","type-post","status-publish","format-standard","hentry","category-geral","category-previsao-do-tempo","tag-alerta-de-temporais","tag-chuvas","tag-chuvas-fortes","tag-chuvas-intensas","tag-friagem","tag-frio-no-acre","tag-frio-no-brasil","tag-previsao-do-tempo","tag-previsao-para-a-noite","tag-raios","tag-temporais","tag-ventania","tag-ventanias"],"jetpack_publicize_connections":[],"jetpack_featured_media_url":"","jetpack_likes_enabled":true,"jetpack_sharing_enabled":true,"_links":{"self":[{"href":"https:\/\/otempoaqui.com.br\/index.php?rest_route=\/wp\/v2\/posts\/18630","targetHints":{"allow":["GET"]}}],"collection":[{"href":"https:\/\/otempoaqui.com.br\/index.php?rest_route=\/wp\/v2\/posts"}],"about":[{"href":"https:\/\/otempoaqui.com.br\/index.php?rest_route=\/wp\/v2\/types\/post"}],"author":[{"embeddable":true,"href":"https:\/\/otempoaqui.com.br\/index.php?rest_route=\/wp\/v2\/users\/2"}],"replies":[{"embeddable":true,"href":"https:\/\/otempoaqui.com.br\/index.php?rest_route=%2Fwp%2Fv2%2Fcomments&post=18630"}],"version-history":[{"count":2,"href":"https:\/\/otempoaqui.com.br\/index.php?rest_route=\/wp\/v2\/posts\/18630\/revisions"}],"predecessor-version":[{"id":18634,"href":"https:\/\/otempoaqui.com.br\/index.php?rest_route=\/wp\/v2\/posts\/18630\/revisions\/18634"}],"wp:attachment":[{"href":"https:\/\/otempoaqui.com.br\/index.php?rest_route=%2Fwp%2Fv2%2Fmedia&parent=18630"}],"wp:term":[{"taxonomy":"category","embeddable":true,"href":"https:\/\/otempoaqui.com.br\/index.php?rest_route=%2Fwp%2Fv2%2Fcategories&post=18630"},{"taxonomy":"post_tag","embeddable":true,"href":"https:\/\/otempoaqui.com.br\/index.php?rest_route=%2Fwp%2Fv2%2Ftags&post=18630"}],"curies":[{"name":"wp","href":"https:\/\/api.w.org\/{rel}","templated":true}]}}