{"id":18496,"date":"2018-07-30T14:45:14","date_gmt":"2018-07-30T19:45:14","guid":{"rendered":"http:\/\/otempoaqui.com\/?p=18496"},"modified":"2018-07-31T15:10:55","modified_gmt":"2018-07-31T20:10:55","slug":"semana-sera-com-chuvas-e-possibilidade-de-temporais-no-acre-rondonia-e-amazonas","status":"publish","type":"post","link":"https:\/\/otempoaqui.com.br\/?p=18496","title":{"rendered":"Semana ser\u00e1 com chuvas e possibilidade de temporais no Acre, Rond\u00f4nia e Amazonas"},"content":{"rendered":"<h3>CHUVAS E FRIOZINHO POLAR<\/h3>\n<p>Esta semana, ou seja, os \u00faltimos dias de julho e os primeiros de agosto de 2018, ser\u00e1 com chuvas pontuais, que poder\u00e3o ser acompanhadas de raios, ventanias e queda eventual de granizo, no Acre, em Rond\u00f4nia e no Amazonas.<br \/>\nComo <em>O<\/em>\u00a0<em>Tempo Aqui<\/em> vem informando desde a \u00faltima sexta-feira, uma massa de ar quente e \u00famido chegou ao sul da Amaz\u00f4nia Ocidental.<br \/>\nAp\u00f3s a capital do Acre registrar, no \u00faltimo domingo (29\/7\/2018), novo recorde de calor, com m\u00e1xima de 33,7\u00baC, uma fraca frente fria chegar\u00e1 ao Acre e a Rond\u00f4nia na noite desta ter\u00e7a-feira (31\/7\/2018), e provocar\u00e1 chuvas, com possibilidade de temporais, em algumas \u00e1reas, principalmente, no Acre e no norte e oeste de Rond\u00f4nia.<br \/>\nA incurs\u00e3o de ar polar ser\u00e1 fraca, mas o suficiente para diminuir o calor diurno dos \u00faltimos dias. Na quinta-feira, o calor abafado voltar\u00e1 a predominar na regi\u00e3o.<br \/>\nDevido \u00e0 umidade que est\u00e1 na regi\u00e3o e \u00e0 chegada da frente fria, a pr\u00f3xima quarta-feira, primeiro dia de agosto, poder\u00e1 ser com muitas nuvens e chuvas a qualquer hora, em Rio Branco, Sena Madureira, Brasileia, Guajar\u00e1-Mirim e Porto Velho, ou seja, no leste e sul do Acre e no norte e oeste de Rond\u00f4nia. No entanto, nesta ter\u00e7a-feira (31\/7\/2018), tamb\u00e9m devem ocorrer chuvas pontuais, com possibilidade de temporais.<br \/>\nAcompanhe nossas atualiza\u00e7\u00f5es para ficar melhor informado e seja o primeiro a saber como vai ficar o tempo nos pr\u00f3ximos dias.<\/p>\n","protected":false},"excerpt":{"rendered":"<p>CHUVAS E FRIOZINHO POLAR Esta semana, ou seja, os \u00faltimos dias de julho e os primeiros de agosto de 2018, ser\u00e1 com chuvas pontuais, que poder\u00e3o ser acompanhadas de raios, ventanias e queda eventual de granizo, no Acre, em Rond\u00f4nia e no Amazonas. Como O\u00a0Tempo Aqui vem informando desde a \u00faltima sexta-feira, uma massa de [&hellip;]<\/p>\n","protected":false},"author":2,"featured_media":0,"comment_status":"open","ping_status":"open","sticky":false,"template":"","format":"standard","meta":{"_jetpack_memberships_contains_paid_content":false,"footnotes":"","jetpack_publicize_message":"","jetpack_publicize_feature_enabled":true,"jetpack_social_post_already_shared":true,"jetpack_social_options":{"image_generator_settings":{"template":"highway","enabled":false},"version":2}},"categories":[1,193],"tags":[73,52,36,30,125,46,168,26,37,29,35,45,38],"class_list":["post-18496","post","type-post","status-publish","format-standard","hentry","category-geral","category-previsao-do-tempo","tag-alerta-de-temporais","tag-chuvas","tag-chuvas-fortes","tag-frio-no-acre","tag-frio-no-brasil","tag-previsao-do-tempo-para-os-proximos-dias","tag-previsao-para-a-semana","tag-previsao-para-os-proximos-dias","tag-raios","tag-recorde-de-calor","tag-temporais","tag-ventania","tag-ventanias"],"jetpack_publicize_connections":[],"jetpack_featured_media_url":"","jetpack_likes_enabled":true,"jetpack_sharing_enabled":true,"_links":{"self":[{"href":"https:\/\/otempoaqui.com.br\/index.php?rest_route=\/wp\/v2\/posts\/18496","targetHints":{"allow":["GET"]}}],"collection":[{"href":"https:\/\/otempoaqui.com.br\/index.php?rest_route=\/wp\/v2\/posts"}],"about":[{"href":"https:\/\/otempoaqui.com.br\/index.php?rest_route=\/wp\/v2\/types\/post"}],"author":[{"embeddable":true,"href":"https:\/\/otempoaqui.com.br\/index.php?rest_route=\/wp\/v2\/users\/2"}],"replies":[{"embeddable":true,"href":"https:\/\/otempoaqui.com.br\/index.php?rest_route=%2Fwp%2Fv2%2Fcomments&post=18496"}],"version-history":[{"count":0,"href":"https:\/\/otempoaqui.com.br\/index.php?rest_route=\/wp\/v2\/posts\/18496\/revisions"}],"wp:attachment":[{"href":"https:\/\/otempoaqui.com.br\/index.php?rest_route=%2Fwp%2Fv2%2Fmedia&parent=18496"}],"wp:term":[{"taxonomy":"category","embeddable":true,"href":"https:\/\/otempoaqui.com.br\/index.php?rest_route=%2Fwp%2Fv2%2Fcategories&post=18496"},{"taxonomy":"post_tag","embeddable":true,"href":"https:\/\/otempoaqui.com.br\/index.php?rest_route=%2Fwp%2Fv2%2Ftags&post=18496"}],"curies":[{"name":"wp","href":"https:\/\/api.w.org\/{rel}","templated":true}]}}