{"id":17169,"date":"2018-02-23T14:11:48","date_gmt":"2018-02-23T19:11:48","guid":{"rendered":"http:\/\/otempoaqui.com\/?p=17169"},"modified":"2018-02-23T15:39:12","modified_gmt":"2018-02-23T20:39:12","slug":"fim-de-semana-chuvoso-com-temperatura-agradavel-no-acre-rondonia-e-sul-do-amazonas-alerta-de-chuvas-intensas-niveis-dos-rios-voltam-a-subir-rapidamente","status":"publish","type":"post","link":"https:\/\/otempoaqui.com.br\/?p=17169","title":{"rendered":"Fim de semana chuvoso, com temperatura agrad\u00e1vel, no Acre, Rond\u00f4nia e sul do Amazonas. Alerta de chuvas intensas. N\u00edveis dos rios voltam a subir rapidamente."},"content":{"rendered":"<h3>PLANT\u00c3O DO VER\u00c3O 2018<br \/>\nALERTA URGENTE PARA SENA MADUREIRA<br \/>\nRIO IACO PODER\u00c1 PASSAR DE 16m<br \/>\nRIO ACRE VOLTAR\u00c1 A SUBIR RAPIDAMENTE<br \/>\nALERTA DE INUNDA\u00c7\u00c3O DE RUAS<br \/>\nC\u00d3RREGOS E IGARAP\u00c9S PODER\u00c3O CAUSAR INUNDA\u00c7\u00d5ES<\/h3>\n<p>&nbsp;<\/p>\n<h4>CHUVAS FORTES E VOLUMOSAS NESTE FIM DE SEMANA<\/h4>\n<h4>Acre, Rond\u00f4nia, Amazonas, Mato Grosso, Bol\u00edvia e Peru<\/h4>\n<p>&nbsp;<\/p>\n<h4>ACRE, ROND\u00d4NIA E SUL DO AMAZONAS<\/h4>\n<p>A chegada de uma fraca frente fria, ocorrida na \u00faltima quinta-feira, a forma\u00e7\u00e3o de um centro de baixa press\u00e3o atmosf\u00e9rica entre o Acre e Rond\u00f4nia e a elevada umidade do ar, que vem do Atl\u00e2ntico Norte, deixar\u00e3o o tempo extremamente inst\u00e1vel, fechado e chuvoso, com temperatura agrad\u00e1vel, neste s\u00e1bado, no domingo e, possivelmente, na segunda-feira, ou seja, nos dias 24, 25 e 26 de fevereiro de 2018.<br \/>\nEm muitas \u00e1reas, o acumulado de chuva, nestes dias, dever\u00e1 passar de 100mm, podendo atingir 200mm, em alguns pontos.<br \/>\nAs \u00e1reas com maior probabilidade de chuvas mais intensas s\u00e3o o centro, o leste e o sul do Acre, a maior parte de Rond\u00f4nia, o sul do Amazonas, o noroeste e o oeste de Mato Grosso, o norte e o nordeste da Bol\u00edvia e o sudeste do Peru. No entanto, qualquer outro munic\u00edpio da regi\u00e3o poder\u00e1 ser afetado por chuvas torrenciais.<br \/>\nChuvas n\u00e3o t\u00e3o fortes, mas intensas tamb\u00e9m, ocorrer\u00e3o em Goi\u00e1s, no Distrito Federal e na maior parte de Mato Grosso, mas por outros fatores meteorol\u00f3gicos.<br \/>\nEm Rio Branco, em Brasileia e nas proximidades, a temperatura m\u00e1xima, durante o dia, dever\u00e1 ficar abaixo de 26, no s\u00e1bado e no domingo.<\/p>\n<p>&nbsp;<\/p>\n<h4>ALERTA DE PROV\u00c1VEIS S\u00c9RIOS TRANSTORNOS \u00c0 POPULA\u00c7\u00c3O<\/h4>\n<p><em>O Tempo Aqui<\/em> alerta para a alta probabilidade de ocorr\u00eancia, nestes dias, de s\u00e9rios transtornos \u00e0 popula\u00e7\u00e3o de \u00e1reas vulner\u00e1veis, como r\u00e1pido transbordamento de c\u00f3rregos e igarap\u00e9s, inunda\u00e7\u00e3o de ruas, queda de \u00e1rvores e deslizamentos de terra.<br \/>\nAssim, \u00e9 importante que a popula\u00e7\u00e3o fique atenta ao mau tempo que se aproxima, a fim de evitar maiores preju\u00edzos ou transtornos.<\/p>\n<p>&nbsp;<\/p>\n<h4>N\u00cdVEIS DOS PRINCIPAIS RIOS VOLTAR\u00c1 A SUBIR<\/h4>\n<p>Alerta urgente para Sena Madureira, onde o n\u00edvel do rio Iaco voltar\u00e1 a subir nas pr\u00f3ximas horas, podendo passar de 16 metros nos pr\u00f3ximos dias, tendo em vista as chuvas torrenciais que ocorreram nas \u00faltimas 24 horas, nos vales deste rio e tamb\u00e9m dos rios Macau\u00e3 e Caet\u00e9.<br \/>\nO rio Acre, em Rio Branco, voltar\u00e1 a subir rapidamente. Chuvas intensas ocorreram nas \u00faltimas horas nos vales deste rio e dos rios Rola e Xapuri.<br \/>\nNo entanto, com as chuvas que devem ocorrer neste fim de semana e no come\u00e7o da outra \u00e9 bastante prov\u00e1vel que o n\u00edvel do rio Acre, em Rio Branco, passe da cota de 15 metros, nos pr\u00f3ximos dias.<br \/>\nOutros rios do Acre, dever\u00e3o ter seus n\u00edveis bastante elevados na semana que vem.<br \/>\nAcompanhe nossas atualiza\u00e7\u00f5es para ficar bem informado sobre o tempo e o n\u00edvel dos principais rios pr\u00f3ximos dias.<\/p>\n","protected":false},"excerpt":{"rendered":"<p>PLANT\u00c3O DO VER\u00c3O 2018 ALERTA URGENTE PARA SENA MADUREIRA RIO IACO PODER\u00c1 PASSAR DE 16m RIO ACRE VOLTAR\u00c1 A SUBIR RAPIDAMENTE ALERTA DE INUNDA\u00c7\u00c3O DE RUAS C\u00d3RREGOS E IGARAP\u00c9S PODER\u00c3O CAUSAR INUNDA\u00c7\u00d5ES &nbsp; CHUVAS FORTES E VOLUMOSAS NESTE FIM DE SEMANA Acre, Rond\u00f4nia, Amazonas, Mato Grosso, Bol\u00edvia e Peru &nbsp; ACRE, ROND\u00d4NIA E SUL DO [&hellip;]<\/p>\n","protected":false},"author":2,"featured_media":0,"comment_status":"open","ping_status":"open","sticky":false,"template":"","format":"standard","meta":{"_jetpack_memberships_contains_paid_content":false,"footnotes":"","jetpack_publicize_message":"","jetpack_publicize_feature_enabled":true,"jetpack_social_post_already_shared":true,"jetpack_social_options":{"image_generator_settings":{"template":"highway","enabled":false},"version":2}},"categories":[1,193],"tags":[163,73,52,36,61,161,171,172,82,39,157,46,22,26],"class_list":["post-17169","post","type-post","status-publish","format-standard","hentry","category-geral","category-previsao-do-tempo","tag-alerta-de-enchente","tag-alerta-de-temporais","tag-chuvas","tag-chuvas-fortes","tag-chuvas-intensas","tag-enchente","tag-enchente-do-rio-acre","tag-enchentes","tag-enchentes-e-alagacoes","tag-nivel-do-rio-acre","tag-nivel-dos-rios","tag-previsao-do-tempo-para-os-proximos-dias","tag-previsao-para-a-noite","tag-previsao-para-os-proximos-dias"],"jetpack_publicize_connections":[],"jetpack_featured_media_url":"","jetpack_likes_enabled":true,"jetpack_sharing_enabled":true,"_links":{"self":[{"href":"https:\/\/otempoaqui.com.br\/index.php?rest_route=\/wp\/v2\/posts\/17169","targetHints":{"allow":["GET"]}}],"collection":[{"href":"https:\/\/otempoaqui.com.br\/index.php?rest_route=\/wp\/v2\/posts"}],"about":[{"href":"https:\/\/otempoaqui.com.br\/index.php?rest_route=\/wp\/v2\/types\/post"}],"author":[{"embeddable":true,"href":"https:\/\/otempoaqui.com.br\/index.php?rest_route=\/wp\/v2\/users\/2"}],"replies":[{"embeddable":true,"href":"https:\/\/otempoaqui.com.br\/index.php?rest_route=%2Fwp%2Fv2%2Fcomments&post=17169"}],"version-history":[{"count":0,"href":"https:\/\/otempoaqui.com.br\/index.php?rest_route=\/wp\/v2\/posts\/17169\/revisions"}],"wp:attachment":[{"href":"https:\/\/otempoaqui.com.br\/index.php?rest_route=%2Fwp%2Fv2%2Fmedia&parent=17169"}],"wp:term":[{"taxonomy":"category","embeddable":true,"href":"https:\/\/otempoaqui.com.br\/index.php?rest_route=%2Fwp%2Fv2%2Fcategories&post=17169"},{"taxonomy":"post_tag","embeddable":true,"href":"https:\/\/otempoaqui.com.br\/index.php?rest_route=%2Fwp%2Fv2%2Ftags&post=17169"}],"curies":[{"name":"wp","href":"https:\/\/api.w.org\/{rel}","templated":true}]}}