{"id":17154,"date":"2018-02-21T14:17:48","date_gmt":"2018-02-21T19:17:48","guid":{"rendered":"http:\/\/otempoaqui.com\/?p=17154"},"modified":"2018-02-21T14:17:48","modified_gmt":"2018-02-21T19:17:48","slug":"alerta-de-temporais-com-chuvas-fortes-volumosas-e-duradouras-tempo-severo-pode-causar-serios-transtornos-a-populacao","status":"publish","type":"post","link":"https:\/\/otempoaqui.com.br\/?p=17154","title":{"rendered":"Alerta de temporais, com chuvas fortes, volumosas e duradouras. Tempo severo pode causar s\u00e9rios transtornos \u00e0 popula\u00e7\u00e3o."},"content":{"rendered":"<h3>ALERTA DE N\u00cdVEL MUITO ALTO<br \/>\nAcre, Rond\u00f4nia, Mato Grosso, Goi\u00e1s, Distrito Federal, Amazonas, Bol\u00edvia e Peru.<\/h3>\n<p>Nos pr\u00f3ximos cinco dias, entre quinta-feira &#8211; 22\/2\/2018 &#8211; e segunda-feira &#8211; 26\/2\/2018 -, chuvas volumosas, sendo torrenciais, em algumas \u00e1reas, atingir\u00e3o a maior parte do sul da Amaz\u00f4nia, do Centro-Oeste brasileiro, da Bol\u00edvia e do Peru.<br \/>\nOs maiores volumes, num total estimado entre 100 e 200mm, dever\u00e3o ocorrer no leste e sul do Acre, em Rond\u00f4nia, em Mato Grosso, na Bol\u00edvia e no sudeste do Peru.<br \/>\nOs principais fatores causadores deste mau tempo que se aproxima s\u00e3o:<br \/>\n&#8211; a elevada umidade do ar que vem do Atl\u00e2ntico Norte;<br \/>\n&#8211; a chegada de uma fraca frente fria, nesta quinta-feira;<br \/>\n&#8211; a forma\u00e7\u00e3o de um centro de baixa press\u00e3o atmosf\u00e9rica, entre o Acre e Rond\u00f4nia, por volta da pr\u00f3xima sexta-feira;<br \/>\n&#8211; o calor caracter\u00edstico do ver\u00e3o amaz\u00f4nico.<br \/>\nEm Goi\u00e1s, no Distrito Federal e em boa parte de Mato Grosso, as chuvas poder\u00e3o ser ainda mais fortes, com acumulados significativos, nestes dias, como consequ\u00eancia principal da forma\u00e7\u00e3o da Zona de Converg\u00eancia do Atl\u00e2ntico Sul.<\/p>\n<h3>ALERTA DE S\u00c9RIOS TRANSTORNOS \u00c0 POPULA\u00c7\u00c3O<\/h3>\n<p><em>O Tempo Aqui<\/em> alerta para a alta probabilidade de ocorr\u00eancia de s\u00e9rios transtornos \u00e0 popula\u00e7\u00e3o de pontos vulner\u00e1veis, nestes pr\u00f3ximos dias, como r\u00e1pido transbordamento de c\u00f3rregos e igarap\u00e9s, inunda\u00e7\u00e3o de ruas, queda de \u00e1rvores e deslizamentos de terra.<br \/>\nAssim, \u00e9 importante que a popula\u00e7\u00e3o fique atenta, a fim de evitar maiores preju\u00edzos ou transtornos.<\/p>\n<h3>PLANT\u00c3O DO VER\u00c3O 2018<br \/>\nN\u00cdVEL DOS PRINCIPAIS RIOS VOLTAR\u00c1 A SUBIR<\/h3>\n<p>Nesta quarta-feira &#8211; 21\/2\/2018 &#8211; o n\u00edvel dos rios Acre, Iaco e Juru\u00e1 est\u00e3o diminuindo, por\u00e9m, voltar\u00e3o a subir rapidamente na pr\u00f3xima semana.<br \/>\nAs chuvas intensas dos pr\u00f3ximos dias, poder\u00e3o provocar aumentos consider\u00e1veis no n\u00edvel dos rios Acre, Iaco, Purus, Tarauac\u00e1 e Envira.<br \/>\nAssim, \u00e9 bastante prov\u00e1vel que, no fim da pr\u00f3xima semana, suas cotas estejam acima da de transbordamento e, portanto, alagando as \u00e1reas mais baixas.<br \/>\nEm Rio Branco, o n\u00edvel do rio Acre poder\u00e1 superar a marca de 15 metros antes do fim de fevereiro.<br \/>\nNo entanto, acompanhe nossas atualiza\u00e7\u00f5es, a fim de ficar melhor informado sobre o tempo e o n\u00edvel dos rios nos pr\u00f3ximos dias, pois poder\u00e3o ocorrer altera\u00e7\u00f5es no comportamento da atmosfera, tanto para mais, como para menos intensidade dos eventos previstos no momento.<br \/>\n<em>Os Tempo Aqui<\/em> est\u00e1 atento a todos os fen\u00f4menos atmosf\u00e9ricos da regi\u00e3o.<\/p>\n","protected":false},"excerpt":{"rendered":"<p>ALERTA DE N\u00cdVEL MUITO ALTO Acre, Rond\u00f4nia, Mato Grosso, Goi\u00e1s, Distrito Federal, Amazonas, Bol\u00edvia e Peru. Nos pr\u00f3ximos cinco dias, entre quinta-feira &#8211; 22\/2\/2018 &#8211; e segunda-feira &#8211; 26\/2\/2018 -, chuvas volumosas, sendo torrenciais, em algumas \u00e1reas, atingir\u00e3o a maior parte do sul da Amaz\u00f4nia, do Centro-Oeste brasileiro, da Bol\u00edvia e do Peru. Os maiores [&hellip;]<\/p>\n","protected":false},"author":2,"featured_media":1681,"comment_status":"open","ping_status":"open","sticky":false,"template":"","format":"standard","meta":{"_jetpack_memberships_contains_paid_content":false,"footnotes":"","jetpack_publicize_message":"","jetpack_publicize_feature_enabled":true,"jetpack_social_post_already_shared":true,"jetpack_social_options":{"image_generator_settings":{"template":"highway","enabled":false},"version":2}},"categories":[1,193],"tags":[163,73,52,36,61,161,171,172,82,39,157,46,26,35],"class_list":["post-17154","post","type-post","status-publish","format-standard","has-post-thumbnail","hentry","category-geral","category-previsao-do-tempo","tag-alerta-de-enchente","tag-alerta-de-temporais","tag-chuvas","tag-chuvas-fortes","tag-chuvas-intensas","tag-enchente","tag-enchente-do-rio-acre","tag-enchentes","tag-enchentes-e-alagacoes","tag-nivel-do-rio-acre","tag-nivel-dos-rios","tag-previsao-do-tempo-para-os-proximos-dias","tag-previsao-para-os-proximos-dias","tag-temporais"],"jetpack_publicize_connections":[],"jetpack_featured_media_url":"https:\/\/i0.wp.com\/otempoaqui.com.br\/wp-content\/uploads\/2013\/12\/2011-03-03_gestao-publica-de-desastres-relacionados-as-chuvas-intensas_gg-e1611590156555.jpg?fit=289%2C223&ssl=1","jetpack_likes_enabled":true,"jetpack_sharing_enabled":true,"_links":{"self":[{"href":"https:\/\/otempoaqui.com.br\/index.php?rest_route=\/wp\/v2\/posts\/17154","targetHints":{"allow":["GET"]}}],"collection":[{"href":"https:\/\/otempoaqui.com.br\/index.php?rest_route=\/wp\/v2\/posts"}],"about":[{"href":"https:\/\/otempoaqui.com.br\/index.php?rest_route=\/wp\/v2\/types\/post"}],"author":[{"embeddable":true,"href":"https:\/\/otempoaqui.com.br\/index.php?rest_route=\/wp\/v2\/users\/2"}],"replies":[{"embeddable":true,"href":"https:\/\/otempoaqui.com.br\/index.php?rest_route=%2Fwp%2Fv2%2Fcomments&post=17154"}],"version-history":[{"count":0,"href":"https:\/\/otempoaqui.com.br\/index.php?rest_route=\/wp\/v2\/posts\/17154\/revisions"}],"wp:featuredmedia":[{"embeddable":true,"href":"https:\/\/otempoaqui.com.br\/index.php?rest_route=\/wp\/v2\/media\/1681"}],"wp:attachment":[{"href":"https:\/\/otempoaqui.com.br\/index.php?rest_route=%2Fwp%2Fv2%2Fmedia&parent=17154"}],"wp:term":[{"taxonomy":"category","embeddable":true,"href":"https:\/\/otempoaqui.com.br\/index.php?rest_route=%2Fwp%2Fv2%2Fcategories&post=17154"},{"taxonomy":"post_tag","embeddable":true,"href":"https:\/\/otempoaqui.com.br\/index.php?rest_route=%2Fwp%2Fv2%2Ftags&post=17154"}],"curies":[{"name":"wp","href":"https:\/\/api.w.org\/{rel}","templated":true}]}}