{"id":1636,"date":"2013-12-19T17:42:13","date_gmt":"2013-12-19T22:42:13","guid":{"rendered":"http:\/\/otempoaqui.com\/?p=1636"},"modified":"2013-12-19T17:42:13","modified_gmt":"2013-12-19T22:42:13","slug":"alerta-chuvas-intensas-com-raios-e-ventanias-poderao-ocorrer-na-noite-desta-quinta-feira-em-rio-branco-sena-madureira-brasileia-e-municipios-vizinhos","status":"publish","type":"post","link":"https:\/\/otempoaqui.com.br\/?p=1636","title":{"rendered":"ALERTA: Chuvas intensas, com raios e ventanias, poder\u00e3o ocorrer, na noite desta quinta-feira, em Rio Branco, Sena Madureira, Brasileia e municipios vizinhos."},"content":{"rendered":"<p>17h 30min<\/p>\n<p>     As condi\u00e7\u00f5es atmosf\u00e9ricas est\u00e3o extremamente favor\u00e1veis \u00e0 ocorr\u00eancia de chuvas intensas, com raios e ventanias, na noite desta quinta-feira, 19, em Rio Branco, Sena Madureira, Brasileia, Capixaba, Acrel\u00e2ndia e munic\u00edpios vizinhos.<br \/>\n     Em alguns pontos, poder\u00e3o ocorrer transtornos \u00e0 popula\u00e7\u00e3o atingida pelo tempo severo.<br \/>\n     Ressalta-se que esses temporais s\u00e3o pontuais, ou seja, podem ocorrer em cidade e, em outra, vizinha, nem chover.<\/p>\n","protected":false},"excerpt":{"rendered":"<p>17h 30min As condi\u00e7\u00f5es atmosf\u00e9ricas est\u00e3o extremamente favor\u00e1veis \u00e0 ocorr\u00eancia de chuvas intensas, com raios e ventanias, na noite desta quinta-feira, 19, em Rio Branco, Sena Madureira, Brasileia, Capixaba, Acrel\u00e2ndia e munic\u00edpios vizinhos. Em alguns pontos, poder\u00e3o ocorrer transtornos \u00e0 popula\u00e7\u00e3o atingida pelo tempo severo. Ressalta-se que esses temporais s\u00e3o pontuais, ou seja, podem ocorrer [&hellip;]<\/p>\n","protected":false},"author":2,"featured_media":0,"comment_status":"open","ping_status":"open","sticky":false,"template":"","format":"standard","meta":{"_jetpack_memberships_contains_paid_content":false,"footnotes":"","jetpack_publicize_message":"","jetpack_publicize_feature_enabled":true,"jetpack_social_post_already_shared":true,"jetpack_social_options":{"image_generator_settings":{"template":"highway","enabled":false},"version":2}},"categories":[1],"tags":[37,35,45],"class_list":["post-1636","post","type-post","status-publish","format-standard","hentry","category-geral","tag-raios","tag-temporais","tag-ventania"],"jetpack_publicize_connections":[],"jetpack_featured_media_url":"","jetpack_likes_enabled":true,"jetpack_sharing_enabled":true,"_links":{"self":[{"href":"https:\/\/otempoaqui.com.br\/index.php?rest_route=\/wp\/v2\/posts\/1636","targetHints":{"allow":["GET"]}}],"collection":[{"href":"https:\/\/otempoaqui.com.br\/index.php?rest_route=\/wp\/v2\/posts"}],"about":[{"href":"https:\/\/otempoaqui.com.br\/index.php?rest_route=\/wp\/v2\/types\/post"}],"author":[{"embeddable":true,"href":"https:\/\/otempoaqui.com.br\/index.php?rest_route=\/wp\/v2\/users\/2"}],"replies":[{"embeddable":true,"href":"https:\/\/otempoaqui.com.br\/index.php?rest_route=%2Fwp%2Fv2%2Fcomments&post=1636"}],"version-history":[{"count":0,"href":"https:\/\/otempoaqui.com.br\/index.php?rest_route=\/wp\/v2\/posts\/1636\/revisions"}],"wp:attachment":[{"href":"https:\/\/otempoaqui.com.br\/index.php?rest_route=%2Fwp%2Fv2%2Fmedia&parent=1636"}],"wp:term":[{"taxonomy":"category","embeddable":true,"href":"https:\/\/otempoaqui.com.br\/index.php?rest_route=%2Fwp%2Fv2%2Fcategories&post=1636"},{"taxonomy":"post_tag","embeddable":true,"href":"https:\/\/otempoaqui.com.br\/index.php?rest_route=%2Fwp%2Fv2%2Ftags&post=1636"}],"curies":[{"name":"wp","href":"https:\/\/api.w.org\/{rel}","templated":true}]}}