{"id":1450,"date":"2013-12-02T12:53:41","date_gmt":"2013-12-02T17:53:41","guid":{"rendered":"http:\/\/otempoaqui.com\/?p=1450"},"modified":"2013-12-02T12:53:41","modified_gmt":"2013-12-02T17:53:41","slug":"alerta-para-rondonia-goias-distrito-federal-e-sul-do-amazonas-chuvas-intensas-acompanhadas-de-temporais-deverao-ocorrer-nesta-segunda-feira","status":"publish","type":"post","link":"https:\/\/otempoaqui.com.br\/?p=1450","title":{"rendered":"ALERTA para Rond\u00f4nia, Goi\u00e1s, Distrito Federal e sul do Amazonas: Chuvas intensas, acompanhadas de temporais, dever\u00e3o ocorrer, nesta segunda-feira."},"content":{"rendered":"<p> 12h 55min<\/p>\n<p>    As condi\u00e7\u00f5es atmosf\u00e9ricas est\u00e3o altamente favor\u00e1veis \u00e0 ocorr\u00eancia de chuvas intensas, acompanhadas de temporais, com raios e ventanias, na maioria dos munic\u00edpios de Rond\u00f4nia, de Goi\u00e1s, do Amazonas (Boca do Acre, Pauini, L\u00e1brea e Humait\u00e1), al\u00e9m do Distrito Federal e alguns munic\u00edpios de Mato Grosso, nesta segunda-feira, 2 de dezembro.<br \/>\n    Em alguns pontos, poder\u00e3o ocorrer s\u00e9rios transtornos \u00e0 popula\u00e7\u00e3o atingida pelo tempo severo.<\/p>\n","protected":false},"excerpt":{"rendered":"<p>12h 55min As condi\u00e7\u00f5es atmosf\u00e9ricas est\u00e3o altamente favor\u00e1veis \u00e0 ocorr\u00eancia de chuvas intensas, acompanhadas de temporais, com raios e ventanias, na maioria dos munic\u00edpios de Rond\u00f4nia, de Goi\u00e1s, do Amazonas (Boca do Acre, Pauini, L\u00e1brea e Humait\u00e1), al\u00e9m do Distrito Federal e alguns munic\u00edpios de Mato Grosso, nesta segunda-feira, 2 de dezembro. Em alguns pontos, [&hellip;]<\/p>\n","protected":false},"author":2,"featured_media":0,"comment_status":"open","ping_status":"open","sticky":false,"template":"","format":"standard","meta":{"_jetpack_memberships_contains_paid_content":false,"footnotes":"","jetpack_publicize_message":"","jetpack_publicize_feature_enabled":true,"jetpack_social_post_already_shared":true,"jetpack_social_options":{"image_generator_settings":{"template":"highway","enabled":false},"version":2}},"categories":[1],"tags":[37,35,45],"class_list":["post-1450","post","type-post","status-publish","format-standard","hentry","category-geral","tag-raios","tag-temporais","tag-ventania"],"jetpack_publicize_connections":[],"jetpack_featured_media_url":"","jetpack_likes_enabled":true,"jetpack_sharing_enabled":true,"_links":{"self":[{"href":"https:\/\/otempoaqui.com.br\/index.php?rest_route=\/wp\/v2\/posts\/1450","targetHints":{"allow":["GET"]}}],"collection":[{"href":"https:\/\/otempoaqui.com.br\/index.php?rest_route=\/wp\/v2\/posts"}],"about":[{"href":"https:\/\/otempoaqui.com.br\/index.php?rest_route=\/wp\/v2\/types\/post"}],"author":[{"embeddable":true,"href":"https:\/\/otempoaqui.com.br\/index.php?rest_route=\/wp\/v2\/users\/2"}],"replies":[{"embeddable":true,"href":"https:\/\/otempoaqui.com.br\/index.php?rest_route=%2Fwp%2Fv2%2Fcomments&post=1450"}],"version-history":[{"count":0,"href":"https:\/\/otempoaqui.com.br\/index.php?rest_route=\/wp\/v2\/posts\/1450\/revisions"}],"wp:attachment":[{"href":"https:\/\/otempoaqui.com.br\/index.php?rest_route=%2Fwp%2Fv2%2Fmedia&parent=1450"}],"wp:term":[{"taxonomy":"category","embeddable":true,"href":"https:\/\/otempoaqui.com.br\/index.php?rest_route=%2Fwp%2Fv2%2Fcategories&post=1450"},{"taxonomy":"post_tag","embeddable":true,"href":"https:\/\/otempoaqui.com.br\/index.php?rest_route=%2Fwp%2Fv2%2Ftags&post=1450"}],"curies":[{"name":"wp","href":"https:\/\/api.w.org\/{rel}","templated":true}]}}