{"id":14385,"date":"2017-04-13T17:18:17","date_gmt":"2017-04-13T22:18:17","guid":{"rendered":"http:\/\/otempoaqui.com\/?p=14385"},"modified":"2017-04-13T17:18:17","modified_gmt":"2017-04-13T22:18:17","slug":"nivel-do-rio-acre-pode-passar-da-cota-de-alerta-em-rio-branco-nos-proximos-dias","status":"publish","type":"post","link":"https:\/\/otempoaqui.com.br\/?p=14385","title":{"rendered":"N\u00edvel do rio Acre pode passar da cota de alerta, em Rio Branco, nos pr\u00f3ximos dias"},"content":{"rendered":"<p>17h10min<\/p>\n<p>PLANT\u00c3O DO VER\u00c3O 2017: POSI\u00c7\u00c3O EM 13 DE ABRIL.<br \/>\nRIO ACRE PODE PASSAR DA COTA DE ALERTA<br \/>\nO n\u00edvel do rio Acre n\u00e3o para de subir em Brasileia, em Xapuri e em Rio Branco. \u00c0s 17 horas desta quinta-feira, 13 de abril, seu n\u00edvel j\u00e1 era de 9.6m, em Brasileia, de 10,2m, em Xapuri, e de 10,6m, em Rio Branco.<br \/>\nEm menos de tr\u00eas dias, seu n\u00edvel, em Brasileia, subiu mais de 6 metros, passando de 2,9m para 9,6m. Enquanto isso, o seu principal afluente, o riozinho do Rola, tamb\u00e9m, continua a subir desde o seu alto curso.<br \/>\nA causa desse aumento repentino foram as chuvas volumosas que ocorreram em toda a bacia hidrogr\u00e1fica do rio Acre, como consequ\u00eancia da aproxima\u00e7\u00e3o e da chegada de uma frente fria, na segunda-feira e na ter\u00e7a-feira, dias 10 e 11 de abril.<\/p>\n<p>CHUVAS RETORNAM NOS PR\u00d3XIMOS DIAS<br \/>\nA tr\u00e9gua de chuvas causada pela penetra\u00e7\u00e3o de ar seco, de origem polar, termina nos pr\u00f3ximos dias, e, na semana que vem, provavelmente, j\u00e1 a partir de segunda-feira, volta a chover em todo o Acre.<br \/>\nAssim, n\u00e3o est\u00e3o descartados novos temporais, com chuvas fortes e volumosas, que podem fazer o n\u00edvel dos rios subir muito novamente.<\/p>\n","protected":false},"excerpt":{"rendered":"<p>17h10min PLANT\u00c3O DO VER\u00c3O 2017: POSI\u00c7\u00c3O EM 13 DE ABRIL. RIO ACRE PODE PASSAR DA COTA DE ALERTA O n\u00edvel do rio Acre n\u00e3o para de subir em Brasileia, em Xapuri e em Rio Branco. \u00c0s 17 horas desta quinta-feira, 13 de abril, seu n\u00edvel j\u00e1 era de 9.6m, em Brasileia, de 10,2m, em Xapuri, [&hellip;]<\/p>\n","protected":false},"author":2,"featured_media":0,"comment_status":"open","ping_status":"open","sticky":false,"template":"","format":"standard","meta":{"_jetpack_memberships_contains_paid_content":false,"footnotes":"","jetpack_publicize_message":"","jetpack_publicize_feature_enabled":true,"jetpack_social_post_already_shared":true,"jetpack_social_options":{"image_generator_settings":{"template":"highway","enabled":false},"version":2}},"categories":[1,193],"tags":[163,161,171,172,82,39,64],"class_list":["post-14385","post","type-post","status-publish","format-standard","hentry","category-geral","category-previsao-do-tempo","tag-alerta-de-enchente","tag-enchente","tag-enchente-do-rio-acre","tag-enchentes","tag-enchentes-e-alagacoes","tag-nivel-do-rio-acre","tag-rio-acre"],"jetpack_publicize_connections":[],"jetpack_featured_media_url":"","jetpack_likes_enabled":true,"jetpack_sharing_enabled":true,"_links":{"self":[{"href":"https:\/\/otempoaqui.com.br\/index.php?rest_route=\/wp\/v2\/posts\/14385","targetHints":{"allow":["GET"]}}],"collection":[{"href":"https:\/\/otempoaqui.com.br\/index.php?rest_route=\/wp\/v2\/posts"}],"about":[{"href":"https:\/\/otempoaqui.com.br\/index.php?rest_route=\/wp\/v2\/types\/post"}],"author":[{"embeddable":true,"href":"https:\/\/otempoaqui.com.br\/index.php?rest_route=\/wp\/v2\/users\/2"}],"replies":[{"embeddable":true,"href":"https:\/\/otempoaqui.com.br\/index.php?rest_route=%2Fwp%2Fv2%2Fcomments&post=14385"}],"version-history":[{"count":0,"href":"https:\/\/otempoaqui.com.br\/index.php?rest_route=\/wp\/v2\/posts\/14385\/revisions"}],"wp:attachment":[{"href":"https:\/\/otempoaqui.com.br\/index.php?rest_route=%2Fwp%2Fv2%2Fmedia&parent=14385"}],"wp:term":[{"taxonomy":"category","embeddable":true,"href":"https:\/\/otempoaqui.com.br\/index.php?rest_route=%2Fwp%2Fv2%2Fcategories&post=14385"},{"taxonomy":"post_tag","embeddable":true,"href":"https:\/\/otempoaqui.com.br\/index.php?rest_route=%2Fwp%2Fv2%2Ftags&post=14385"}],"curies":[{"name":"wp","href":"https:\/\/api.w.org\/{rel}","templated":true}]}}