{"id":14374,"date":"2017-04-12T13:07:04","date_gmt":"2017-04-12T18:07:04","guid":{"rendered":"http:\/\/otempoaqui.com\/?p=14374"},"modified":"2017-04-12T13:07:04","modified_gmt":"2017-04-12T18:07:04","slug":"alerta-nivel-do-rio-acre-subiu-mais-de-55m-e-continua-subindo-rapidamente-rios-iaco-e-tarauaca-tambem-sobem-muito","status":"publish","type":"post","link":"https:\/\/otempoaqui.com.br\/?p=14374","title":{"rendered":"ALERTA: N\u00edvel do rio Acre subiu mais de 5,5m e continua subindo rapidamente. Rios Iaco e Tarauac\u00e1 tamb\u00e9m sobem muito."},"content":{"rendered":"<p>PLANT\u00c3O DO VER\u00c3O 2017: POSI\u00c7\u00c3O EM 12 DE ABRIL.<\/p>\n<p>N\u00cdVEL DO RIO ACRE SOBE R\u00c1PIDA E ACENTUADAMENTE<br \/>\nAs chuvas torrenciais que ocorreram na maioria dos munic\u00edpios acreanos est\u00e3o provocando r\u00e1pida eleva\u00e7\u00e3o do n\u00edvel dos principais rios que banham o estado. J\u00e1 \u00e9 outono, mas essas chuvas ainda est\u00e3o com caracter\u00edsticas de ver\u00e3o. As que ocorreram nas \u00faltimas 48 horas foram consequ\u00eancia da aproxima\u00e7\u00e3o, na segunda-feira, e da chegada, na ter\u00e7a-feira, de uma frente fria e o seu choque com o ar muito \u00famido que estava sobre a regi\u00e3o.<br \/>\nNesta ter\u00e7a-feira, 11 de abril, choveu, em Rio Branco, no centro da cidade, em apenas 1 hora, 83,6mm, segundo medi\u00e7\u00e3o da Ag\u00eancia Nacional de \u00c1guas. Durante o dia, no entanto, o total acumulado foi de 108,4mm, o maior volume registrado, neste dia, de todo o Brasil. Foi a mais forte chuva dos \u00faltimos anos registrada na capital acreana.<br \/>\nN\u00e3o foi diferente no alto curso dos rios Acre e Xapuri. Choveu acima de 100mm, nas \u00faltimas 48 horas, nos munic\u00edpios de Assis Brasil, Brasileia, Epitaciol\u00e2ndia, Xapuri e, tamb\u00e9m, no vale do rio Acre, no munic\u00edpio de Capixaba. Choveu intensamente, tamb\u00e9m, no vale do riozinho do Rola, o maior afluente do rio Acre.<br \/>\nNa cidade de Brasileia, o n\u00edvel do rio Acre disparou e subiu 5,60m em menos de 48 horas, passando de 2,90m para 8,50m, medi\u00e7\u00e3o das 13 horas desta quarta-feira, 12 de abril.<br \/>\nEm Xapuri, o rio passou de 3,80m para 8,60m, neste mesmo intervalo de tempo.<br \/>\nNa capital acreana, a cota que, na ter\u00e7a-feira era de 6,90m, pulou para 8,50m, \u00e0s 13 horas desta quarta-feira.<br \/>\nEm todas essas cidades, no in\u00edcio da tarde de hoje, quarta-feira, os n\u00edveis continuavam subindo rapidamente.<br \/>\nNo entanto, em Rio Branco, o n\u00edvel do rio Acre subir\u00e1 ainda mais rapidamente a partir desta quinta-feira para sexta-feira, quando as \u00e1guas do seu alto curso come\u00e7arem a chegar. \u00c9 poss\u00edvel que troncos e galhos de \u00e1rvores &#8211; os balseiros &#8211; fiquem acumulados nas colunas das pontes da capital acreana.<br \/>\nO Tempo Aqui estima que o n\u00edvel do rio Acre, em Rio Branco, passe dos 12 metros at\u00e9 o in\u00edcio da pr\u00f3xima semana.<br \/>\nEm Sena Madureira, o rio Iaco subiu, em 24 horas, mais de 2m, passando de 6,20m para 8,25m, nesta quarta-feira, portanto, longe da cota de transbordamento.<br \/>\nPoder\u00e1 ocorrer transbordamento, em Tarauac\u00e1, nos pr\u00f3ximos dias, pois o n\u00edvel do rio Muru subiu 3 metros, no seu alto curso, enquanto o rio Tarauac\u00e1 aumentou 2 metros, nas proximidades de Jord\u00e3o. Estes aumentos ocorreram em menos de 24 horas.<br \/>\nFelizmente, as chuvas dar\u00e3o uma boa tr\u00e9gua at\u00e9 domingo, em todo o Acre, e, assim, o n\u00edvel de todos os rios baixar\u00e1 rapidamente, logo ap\u00f3s atingir o m\u00e1ximo de eleva\u00e7\u00e3o.<\/p>\n","protected":false},"excerpt":{"rendered":"<p>PLANT\u00c3O DO VER\u00c3O 2017: POSI\u00c7\u00c3O EM 12 DE ABRIL. N\u00cdVEL DO RIO ACRE SOBE R\u00c1PIDA E ACENTUADAMENTE As chuvas torrenciais que ocorreram na maioria dos munic\u00edpios acreanos est\u00e3o provocando r\u00e1pida eleva\u00e7\u00e3o do n\u00edvel dos principais rios que banham o estado. J\u00e1 \u00e9 outono, mas essas chuvas ainda est\u00e3o com caracter\u00edsticas de ver\u00e3o. As que ocorreram [&hellip;]<\/p>\n","protected":false},"author":2,"featured_media":0,"comment_status":"open","ping_status":"open","sticky":false,"template":"","format":"standard","meta":{"_jetpack_memberships_contains_paid_content":false,"footnotes":"","jetpack_publicize_message":"","jetpack_publicize_feature_enabled":true,"jetpack_social_post_already_shared":true,"jetpack_social_options":{"image_generator_settings":{"template":"highway","enabled":false},"version":2}},"categories":[1,193],"tags":[163,161,171,172,82,39,157,64],"class_list":["post-14374","post","type-post","status-publish","format-standard","hentry","category-geral","category-previsao-do-tempo","tag-alerta-de-enchente","tag-enchente","tag-enchente-do-rio-acre","tag-enchentes","tag-enchentes-e-alagacoes","tag-nivel-do-rio-acre","tag-nivel-dos-rios","tag-rio-acre"],"jetpack_publicize_connections":[],"jetpack_featured_media_url":"","jetpack_likes_enabled":true,"jetpack_sharing_enabled":true,"_links":{"self":[{"href":"https:\/\/otempoaqui.com.br\/index.php?rest_route=\/wp\/v2\/posts\/14374","targetHints":{"allow":["GET"]}}],"collection":[{"href":"https:\/\/otempoaqui.com.br\/index.php?rest_route=\/wp\/v2\/posts"}],"about":[{"href":"https:\/\/otempoaqui.com.br\/index.php?rest_route=\/wp\/v2\/types\/post"}],"author":[{"embeddable":true,"href":"https:\/\/otempoaqui.com.br\/index.php?rest_route=\/wp\/v2\/users\/2"}],"replies":[{"embeddable":true,"href":"https:\/\/otempoaqui.com.br\/index.php?rest_route=%2Fwp%2Fv2%2Fcomments&post=14374"}],"version-history":[{"count":0,"href":"https:\/\/otempoaqui.com.br\/index.php?rest_route=\/wp\/v2\/posts\/14374\/revisions"}],"wp:attachment":[{"href":"https:\/\/otempoaqui.com.br\/index.php?rest_route=%2Fwp%2Fv2%2Fmedia&parent=14374"}],"wp:term":[{"taxonomy":"category","embeddable":true,"href":"https:\/\/otempoaqui.com.br\/index.php?rest_route=%2Fwp%2Fv2%2Fcategories&post=14374"},{"taxonomy":"post_tag","embeddable":true,"href":"https:\/\/otempoaqui.com.br\/index.php?rest_route=%2Fwp%2Fv2%2Ftags&post=14374"}],"curies":[{"name":"wp","href":"https:\/\/api.w.org\/{rel}","templated":true}]}}