{"id":14256,"date":"2017-03-28T16:10:02","date_gmt":"2017-03-28T21:10:02","guid":{"rendered":"http:\/\/otempoaqui.com\/?p=14256"},"modified":"2017-03-28T16:10:02","modified_gmt":"2017-03-28T21:10:02","slug":"nivel-do-rio-acre-sobe-rapidamente-em-brasileia-chuvas-volumosas-ocorreram-na-maior-parte-do-estado","status":"publish","type":"post","link":"https:\/\/otempoaqui.com.br\/?p=14256","title":{"rendered":"N\u00edvel do rio Acre sobe rapidamente em Brasileia. Chuvas volumosas ocorreram na maior parte do estado."},"content":{"rendered":"<p>PLANT\u00c3O DO VER\u00c3O 2017: Posi\u00e7\u00e3o em 28 de mar\u00e7o.<\/p>\n<p>CHUVAS VOLUMOSAS OCORRERAM NAS \u00daLTIMAS 24 HORAS<br \/>\nNa \u00faltima segunda-feira, dia 27, e durante a manh\u00e3 desta ter\u00e7a-feira, dia 28, choveu forte e intensamente em quase todas as bacias hidrogr\u00e1ficas dos rios acreanos.<br \/>\nChoveu entre 30 e 80mm no vale do rio Acre, principalmente, nos munic\u00edpios de Assis Brasil, Brasileia e Capixaba. Volumes de chuva semelhantes ocorreram nos vales dos rios Antimari, Iaco, Caet\u00e9, Macau\u00e3, Purus, Chandless, Tarauac\u00e1, Muru, Envira, Liberdade e Juru\u00e1.<br \/>\nAssim, o n\u00edvel desses rios voltar\u00e1 a subir nas pr\u00f3ximas horas, sendo que, em alguns, j\u00e1 est\u00e1 aumentando rapidamente.<\/p>\n<p>RIO ACRE SUBIU RAPIDAMENTE EM BRASILEIA<br \/>\nEm apenas 12 horas, nesta ter\u00e7a-feira, o n\u00edvel do rio Acre, em Brasileia, aumentou 1,5m e, por volta das 3 horas da tarde, continuava subindo rapidamente. Subida repentina tamb\u00e9m aconteceu em Assis Brasil.<br \/>\nNa capital acreana, o rio Acre est\u00e1 baixando lentamente, mas poder\u00e1 voltar a subir, nos pr\u00f3ximos dias, quando as \u00e1guas das chuvas que ocorreram no seu alto curso come\u00e7arem a chegar a Rio Branco.<br \/>\nNo entanto, n\u00e3o h\u00e1, no momento, perspectivas de que ocorra uma enchente de propor\u00e7\u00f5es alarmantes na capital do estado.<\/p>\n<p>N\u00cdVEIS DOS RIOS IACO E LIBERDADE TAMB\u00c9M EST\u00c3O SUBINDO<br \/>\nOs n\u00edveis dos rios Iaco e de seus afluentes, Caet\u00e9 e Macau\u00e3, tamb\u00e9m est\u00e3o subindo, mas sem motivos para preocupa\u00e7\u00f5es alarmantes.<br \/>\nEst\u00e3o subindo, tamb\u00e9m, nesta ter\u00e7a-feira, os n\u00edveis dos rios Purus, em Manuel Urbano, do Chandless, no Parque Estadual do Chandless, e do Envira, em Feij\u00f3.<br \/>\nMerece um pouco mais de aten\u00e7\u00e3o o rio Liberdade, pois chuvas intensas que ocorreram no seu alto curso poder\u00e3o provocar uma r\u00e1pida e acentuada eleva\u00e7\u00e3o do seu n\u00edvel nas pr\u00f3ximas horas, n\u00e3o se descartando a possibilidade de inunda\u00e7\u00e3o de \u00e1reas ribeirinhas, onde h\u00e1 alguns povoados.<\/p>\n<p>CHUVAS DEVEM CONTINUAR INTENSAS AT\u00c9 QUARTA-FEIRA<br \/>\nAs condi\u00e7\u00f5es atmosf\u00e9ricas atuais indicam que as chuvas intensas v\u00e3o continuar, pelo menos at\u00e9 a pr\u00f3xima quinta-feira, na maior parte do Acre, dia 30 de mar\u00e7o.<br \/>\nEm algumas \u00e1reas, poder\u00e3o ocorrer transtornos \u00e0 popula\u00e7\u00e3o, com r\u00e1pida inunda\u00e7\u00e3o de ruas, transbordamentos de pequenos rios e igarap\u00e9s, queda de \u00e1rvores e deslizamento de terra.<\/p>\n","protected":false},"excerpt":{"rendered":"<p>PLANT\u00c3O DO VER\u00c3O 2017: Posi\u00e7\u00e3o em 28 de mar\u00e7o. CHUVAS VOLUMOSAS OCORRERAM NAS \u00daLTIMAS 24 HORAS Na \u00faltima segunda-feira, dia 27, e durante a manh\u00e3 desta ter\u00e7a-feira, dia 28, choveu forte e intensamente em quase todas as bacias hidrogr\u00e1ficas dos rios acreanos. Choveu entre 30 e 80mm no vale do rio Acre, principalmente, nos munic\u00edpios [&hellip;]<\/p>\n","protected":false},"author":2,"featured_media":0,"comment_status":"open","ping_status":"open","sticky":false,"template":"","format":"standard","meta":{"_jetpack_memberships_contains_paid_content":false,"footnotes":"","jetpack_publicize_message":"","jetpack_publicize_feature_enabled":true,"jetpack_social_post_already_shared":true,"jetpack_social_options":{"image_generator_settings":{"template":"highway","enabled":false},"version":2}},"categories":[1,193],"tags":[163,52,36,61,161,171,172,82,39,157,64],"class_list":["post-14256","post","type-post","status-publish","format-standard","hentry","category-geral","category-previsao-do-tempo","tag-alerta-de-enchente","tag-chuvas","tag-chuvas-fortes","tag-chuvas-intensas","tag-enchente","tag-enchente-do-rio-acre","tag-enchentes","tag-enchentes-e-alagacoes","tag-nivel-do-rio-acre","tag-nivel-dos-rios","tag-rio-acre"],"jetpack_publicize_connections":[],"jetpack_featured_media_url":"","jetpack_likes_enabled":true,"jetpack_sharing_enabled":true,"_links":{"self":[{"href":"https:\/\/otempoaqui.com.br\/index.php?rest_route=\/wp\/v2\/posts\/14256","targetHints":{"allow":["GET"]}}],"collection":[{"href":"https:\/\/otempoaqui.com.br\/index.php?rest_route=\/wp\/v2\/posts"}],"about":[{"href":"https:\/\/otempoaqui.com.br\/index.php?rest_route=\/wp\/v2\/types\/post"}],"author":[{"embeddable":true,"href":"https:\/\/otempoaqui.com.br\/index.php?rest_route=\/wp\/v2\/users\/2"}],"replies":[{"embeddable":true,"href":"https:\/\/otempoaqui.com.br\/index.php?rest_route=%2Fwp%2Fv2%2Fcomments&post=14256"}],"version-history":[{"count":0,"href":"https:\/\/otempoaqui.com.br\/index.php?rest_route=\/wp\/v2\/posts\/14256\/revisions"}],"wp:attachment":[{"href":"https:\/\/otempoaqui.com.br\/index.php?rest_route=%2Fwp%2Fv2%2Fmedia&parent=14256"}],"wp:term":[{"taxonomy":"category","embeddable":true,"href":"https:\/\/otempoaqui.com.br\/index.php?rest_route=%2Fwp%2Fv2%2Fcategories&post=14256"},{"taxonomy":"post_tag","embeddable":true,"href":"https:\/\/otempoaqui.com.br\/index.php?rest_route=%2Fwp%2Fv2%2Ftags&post=14256"}],"curies":[{"name":"wp","href":"https:\/\/api.w.org\/{rel}","templated":true}]}}