{"id":1423,"date":"2013-11-29T12:43:47","date_gmt":"2013-11-29T17:43:47","guid":{"rendered":"http:\/\/otempoaqui.com\/?p=1423"},"modified":"2013-11-29T12:43:47","modified_gmt":"2013-11-29T17:43:47","slug":"alerta-urgente-forte-temporal-podera-atingir-rio-branco-e-varios-outros-municipios-do-acre-a-partir-da-tarde-desta-sexta-feira-em-alguns-pontos-poderao-ocorrer-transtornos-a-populacao-atingida-pel","status":"publish","type":"post","link":"https:\/\/otempoaqui.com.br\/?p=1423","title":{"rendered":"ALERTA URGENTE: Forte temporal poder\u00e1 atingir Rio Branco e v\u00e1rios outros munic\u00edpios do Acre, a partir da tarde desta sexta-feira. Em alguns pontos, poder\u00e3o ocorrer transtornos \u00e0 popula\u00e7\u00e3o atingida pelo tempo severo."},"content":{"rendered":"<p> 12h 20min<\/p>\n<p>     As condi\u00e7\u00f5es atmosf\u00e9ricas est\u00e3o favor\u00e1veis \u00e0 ocorr\u00eancia de forte temporal, a partir da tarde desta sexta-feira, 29, em Rio Branco, Senador Guiomard, Pl\u00e1cido de Castro, Acrel\u00e2ndia, Porto Acre, Bujari, Capixaba, Xapuri, Epitaciol\u00e2ndia e Brasileia.<br \/>\n     Nuvens carregadas deslocam-se, rapidamente, da Bol\u00edvia em dire\u00e7\u00e3o ao leste e sudeste do Acre.<br \/>\n     Portanto, dever\u00e3o ocorrer chuvas intensas, acompanhadas de raios, ventanias e, eventual, queda de granizo, em v\u00e1rios pontos desses munic\u00edpios acreanos, podendo causar s\u00e9rios transtornos \u00e0 popula\u00e7\u00e3o atingida pelo tempo severo que se aproxima.<br \/>\n     Nas pr\u00f3ximas horas, o vento mudar\u00e1 de dire\u00e7\u00e3o, repentinamente, e passar\u00e1 a soprar de sudeste, com poss\u00edveis ventanias.<br \/>\n     Da\u00ed, a import\u00e2ncia de se tomar cuidados especiais, enquanto durar o temporal, principalmente, com rela\u00e7\u00e3o \u00e0s descargas el\u00e9tricas, evitando ficar em lugares a c\u00e9u aberto e debaixo de \u00e1rvores.<br \/>\n     Ressalta-se que o temporal aproxima-se e \u00e9 alta a probabilidade de atingir todos esses munic\u00edpios, mas n\u00e3o de forma total, ou seja, alguns bairros ou cidades, poder\u00e3o ser mais afetados do que outros pr\u00f3ximos. Em alguns pontos, pode at\u00e9 nem chover.<br \/>\n     Acompanhe, sempre, nossas atuzliza\u00e7\u00f5es, que ocorrem a qualquer momento.<\/p>\n","protected":false},"excerpt":{"rendered":"<p>12h 20min As condi\u00e7\u00f5es atmosf\u00e9ricas est\u00e3o favor\u00e1veis \u00e0 ocorr\u00eancia de forte temporal, a partir da tarde desta sexta-feira, 29, em Rio Branco, Senador Guiomard, Pl\u00e1cido de Castro, Acrel\u00e2ndia, Porto Acre, Bujari, Capixaba, Xapuri, Epitaciol\u00e2ndia e Brasileia. Nuvens carregadas deslocam-se, rapidamente, da Bol\u00edvia em dire\u00e7\u00e3o ao leste e sudeste do Acre. Portanto, dever\u00e3o ocorrer chuvas intensas, [&hellip;]<\/p>\n","protected":false},"author":2,"featured_media":0,"comment_status":"open","ping_status":"open","sticky":false,"template":"","format":"standard","meta":{"_jetpack_memberships_contains_paid_content":false,"footnotes":"","jetpack_publicize_message":"","jetpack_publicize_feature_enabled":true,"jetpack_social_post_already_shared":true,"jetpack_social_options":{"image_generator_settings":{"template":"highway","enabled":false},"version":2}},"categories":[1],"tags":[37,35,45],"class_list":["post-1423","post","type-post","status-publish","format-standard","hentry","category-geral","tag-raios","tag-temporais","tag-ventania"],"jetpack_publicize_connections":[],"jetpack_featured_media_url":"","jetpack_likes_enabled":true,"jetpack_sharing_enabled":true,"_links":{"self":[{"href":"https:\/\/otempoaqui.com.br\/index.php?rest_route=\/wp\/v2\/posts\/1423","targetHints":{"allow":["GET"]}}],"collection":[{"href":"https:\/\/otempoaqui.com.br\/index.php?rest_route=\/wp\/v2\/posts"}],"about":[{"href":"https:\/\/otempoaqui.com.br\/index.php?rest_route=\/wp\/v2\/types\/post"}],"author":[{"embeddable":true,"href":"https:\/\/otempoaqui.com.br\/index.php?rest_route=\/wp\/v2\/users\/2"}],"replies":[{"embeddable":true,"href":"https:\/\/otempoaqui.com.br\/index.php?rest_route=%2Fwp%2Fv2%2Fcomments&post=1423"}],"version-history":[{"count":0,"href":"https:\/\/otempoaqui.com.br\/index.php?rest_route=\/wp\/v2\/posts\/1423\/revisions"}],"wp:attachment":[{"href":"https:\/\/otempoaqui.com.br\/index.php?rest_route=%2Fwp%2Fv2%2Fmedia&parent=1423"}],"wp:term":[{"taxonomy":"category","embeddable":true,"href":"https:\/\/otempoaqui.com.br\/index.php?rest_route=%2Fwp%2Fv2%2Fcategories&post=1423"},{"taxonomy":"post_tag","embeddable":true,"href":"https:\/\/otempoaqui.com.br\/index.php?rest_route=%2Fwp%2Fv2%2Ftags&post=1423"}],"curies":[{"name":"wp","href":"https:\/\/api.w.org\/{rel}","templated":true}]}}