{"id":13446,"date":"2016-12-27T12:44:03","date_gmt":"2016-12-27T17:44:03","guid":{"rendered":"http:\/\/otempoaqui.com\/?p=13446"},"modified":"2016-12-27T12:44:03","modified_gmt":"2016-12-27T17:44:03","slug":"rio-branco-foi-a-capital-mais-fria-com-maxima-de-283oc-e-porto-alegre-a-mais-quente-com-383oc-dentre-todas-as-27-capitais-do-brasil","status":"publish","type":"post","link":"https:\/\/otempoaqui.com.br\/?p=13446","title":{"rendered":"Rio Branco foi a capital mais fria, com m\u00e1xima de 28,3\u00baC, e Porto Alegre, a mais quente, com 38,3\u00baC, dentre todas as 27 capitais do Brasil"},"content":{"rendered":"<p>10h 10min<\/p>\n<p>S\u00c3O REGISTROS OFICIAIS<br \/>\nComo sempre, a imprensa nacional ignora quando a regi\u00e3o Norte do Brasil registra as menores temperaturas do pa\u00eds.<br \/>\nNesta segunda-feira (26\/12\/2016), Rio Branco foi a capital brasileira que registrou a menor temperatura, durante o dia, dentre todas as 27 capitais, com m\u00e1xima de, apenas, 28,3\u00baC, registrada por volta das 17 horas.<br \/>\nNo entanto, n\u00e3o foi s\u00f3 a capital acreana, pois Porto Velho foi a segunda capital com a menor temperatura do Brasil nesta mesma segunda-feira, com m\u00e1xima de 28,4\u00baC.<br \/>\nAo contr\u00e1rio, a mais quente foi a capital que fica mais ao sul do pa\u00eds, ou seja, Porto Alegre, que registrou 38,3\u00baC.<br \/>\nEntre todas as 27 capitais, apenas Rio Branco e Porto Velho, registraram temperaturas abaixo de 30\u00baC, nesta segunda-feira. Capitais tradicionalmente mais frias, como Curitiba, S\u00e3o Paulo e Florian\u00f3polis, tamb\u00e9m, registraram temperaturas acima de 31\u00baC.<br \/>\nS\u00e3o temperaturas oficiais registradas pelas esta\u00e7\u00f5es meteorol\u00f3gicas do Instituto Nacional de Meteorologia (INMET) e da Aeron\u00e1utica (aeroportos). O Tempo Aqui selecionou algumas esta\u00e7\u00f5es de algumas capitais para relacionar as maiores e as menores temperaturas desta segunda-feira.<br \/>\nJ\u00e1 a menor temperatura de todo o Brasil foi registrada em Minas Gerais, na cidade de Monte Verde, com 12,7\u00baC, enquanto, a maior, foi no Rio Grande do Sul, na cidade de Campo Bom, com 38,9\u00baC.<br \/>\nA capital que registrou a menor temperatura m\u00ednima, dentre todas as capitais, foi Bras\u00edlia, que amanheceu com 16,5\u00baC, na esta\u00e7\u00e3o de Ponte Alta.<br \/>\nConfira a rela\u00e7\u00e3o de algumas capitais que registraram as maiores temperaturas nesta segunda-feira (26\/12\/2016):<br \/>\n&#8211; Porto Alegre, com 38,3\u00baC;<br \/>\n&#8211; Rio de Janeiro, com 37,2\u00baC;<br \/>\n&#8211; Teresina, com 37,2\u00baC;<br \/>\n&#8211; Goi\u00e2nia, com 35,5\u00baC;<br \/>\n&#8211; Cuiab\u00e1, com 35,4\u00baC;<br \/>\n&#8211; Vit\u00f3ria, com 34,0\u00baC;<br \/>\n&#8211; S\u00e3o Paulo, com 33,7\u00baC;<br \/>\n&#8211; Bel\u00e9m, com 32,9\u00baC;<br \/>\n&#8211; Curitiba, com 32,2\u00baC;<br \/>\n&#8211; Belo Horizonte, com 32,0\u00baC;<br \/>\n&#8211; Bras\u00edlia, com 31,7\u00baC;<br \/>\n&#8211; Florian\u00f3polis, com 31,6\u00baC;<br \/>\n&#8211; Manaus, com 31,0\u00baC.<\/p>\n<p>\u00c9 NORMAL NO VER\u00c3O BRASILEIRO<br \/>\nNo ver\u00e3o brasileiro, \u00e9 normal que cidades do centro-sul do Brasil registrem as maiores temperaturas do pa\u00eds, pois, nesta \u00e9poca do ano, o Sol incide com mais intensidade sobre esta parte do pa\u00eds.<br \/>\nNa capital ga\u00facha, por exemplo, as noites de ver\u00e3o s\u00e3o extremamente quentes e abafadas, com m\u00ednimas, ao amanhecer, que giram entre 24 e 28\u00baC, enquanto as m\u00e1ximas, durante o dia, passam dos 40\u00baC.<br \/>\nNa capital acreana, por exemplo, as noites nunca ficam t\u00e3o quentes, pois as maiores m\u00ednimas, no final das noites, oscilam entre 21 e 23\u00baC e, raramente, o dia come\u00e7a com temperatura acima dessa m\u00e9dia. J\u00e1 as m\u00e1ximas, durante o dia, em Rio Branco, giram entre 30 e 32\u00baC, sendo que, eventualmente, podem chegar a 34 ou 35\u00baC.<br \/>\nNa cidade de Porto Velho, durante o ver\u00e3o, as temperaturas s\u00e3o parecidas com as de Rio Branco, mas podem ficar cerca de 0,5\u00baC abaixo, pois as chuvas s\u00e3o mais intensas na capital de Rond\u00f4nia, nesta \u00e9poca do ano.<\/p>\n","protected":false},"excerpt":{"rendered":"<p>10h 10min S\u00c3O REGISTROS OFICIAIS Como sempre, a imprensa nacional ignora quando a regi\u00e3o Norte do Brasil registra as menores temperaturas do pa\u00eds. Nesta segunda-feira (26\/12\/2016), Rio Branco foi a capital brasileira que registrou a menor temperatura, durante o dia, dentre todas as 27 capitais, com m\u00e1xima de, apenas, 28,3\u00baC, registrada por volta das 17 [&hellip;]<\/p>\n","protected":false},"author":2,"featured_media":0,"comment_status":"open","ping_status":"open","sticky":false,"template":"","format":"standard","meta":{"_jetpack_memberships_contains_paid_content":false,"footnotes":"","jetpack_publicize_message":"","jetpack_publicize_feature_enabled":true,"jetpack_social_post_already_shared":true,"jetpack_social_options":{"image_generator_settings":{"template":"highway","enabled":false},"version":2}},"categories":[192,1],"tags":[54,10,30,29],"class_list":["post-13446","post","type-post","status-publish","format-standard","hentry","category-diario-do-tempo","category-geral","tag-calor-intenso","tag-diario-do-clima","tag-frio-no-acre","tag-recorde-de-calor"],"jetpack_publicize_connections":[],"jetpack_featured_media_url":"","jetpack_likes_enabled":true,"jetpack_sharing_enabled":true,"_links":{"self":[{"href":"https:\/\/otempoaqui.com.br\/index.php?rest_route=\/wp\/v2\/posts\/13446","targetHints":{"allow":["GET"]}}],"collection":[{"href":"https:\/\/otempoaqui.com.br\/index.php?rest_route=\/wp\/v2\/posts"}],"about":[{"href":"https:\/\/otempoaqui.com.br\/index.php?rest_route=\/wp\/v2\/types\/post"}],"author":[{"embeddable":true,"href":"https:\/\/otempoaqui.com.br\/index.php?rest_route=\/wp\/v2\/users\/2"}],"replies":[{"embeddable":true,"href":"https:\/\/otempoaqui.com.br\/index.php?rest_route=%2Fwp%2Fv2%2Fcomments&post=13446"}],"version-history":[{"count":0,"href":"https:\/\/otempoaqui.com.br\/index.php?rest_route=\/wp\/v2\/posts\/13446\/revisions"}],"wp:attachment":[{"href":"https:\/\/otempoaqui.com.br\/index.php?rest_route=%2Fwp%2Fv2%2Fmedia&parent=13446"}],"wp:term":[{"taxonomy":"category","embeddable":true,"href":"https:\/\/otempoaqui.com.br\/index.php?rest_route=%2Fwp%2Fv2%2Fcategories&post=13446"},{"taxonomy":"post_tag","embeddable":true,"href":"https:\/\/otempoaqui.com.br\/index.php?rest_route=%2Fwp%2Fv2%2Ftags&post=13446"}],"curies":[{"name":"wp","href":"https:\/\/api.w.org\/{rel}","templated":true}]}}