{"id":13336,"date":"2016-12-15T13:18:38","date_gmt":"2016-12-15T18:18:38","guid":{"rendered":"http:\/\/otempoaqui.com\/?p=13336"},"modified":"2016-12-15T13:18:38","modified_gmt":"2016-12-15T18:18:38","slug":"forte-temporal-atingiu-o-acre-choveu-em-2-horas-a-metade-da-media-para-todo-o-mes-rio-acre-subiu-4m-em-apenas-12-horas","status":"publish","type":"post","link":"https:\/\/otempoaqui.com.br\/?p=13336","title":{"rendered":"Forte temporal atingiu o Acre. Choveu, em 2 horas, a metade da m\u00e9dia para todo o m\u00eas. Rio Acre subiu 4m em apenas 12 horas."},"content":{"rendered":"<p>11h 10min<\/p>\n<p>A MAIS FORTE CHUVA DO ANO<br \/>\nAconteceu como previsto e anunciado por O Tempo Aqui. A aproxima\u00e7\u00e3o e chegada de uma frente fria provocou fortes temporais, na maior parte do Acre, na noite desta quarta-feira (14\/12\/2016). Choveu acima de 100mm em v\u00e1rios pontos.<br \/>\nEm Epitaciol\u00e2ndia, foram registrados 117,2mm de chuva em menos de 10 horas. No entanto, o que impressionou foi que, em apenas 2 horas, choveu 82,8mm. Assim, choveu, em poucas horas, a metade do que normalmente chove no m\u00eas todo. Somando-se os volumes de chuva que ocorreram desde o in\u00edcio de dezembro, j\u00e1 s\u00e3o 230mm, ou seja, j\u00e1 choveu, na regi\u00e3o do Alto Acre, praticamente, todo o esperado para o m\u00eas inteiro.<br \/>\nNa cidade de Brasileia, o volume de chuvas foi de 109,6mm, na esta\u00e7\u00e3o pluviom\u00e9trica localizada sobre a ponte do rio Acre, entre o Brasil e a Bol\u00edvia.<br \/>\nNo entanto, o que chamou mais aten\u00e7\u00e3o foi que, em Brasileia, em apenas 15min, choveu 30,4mm. Esse valor, por exemplo, \u00e9 a m\u00e9dia de todo o m\u00eas de agosto. A cidade de Assis Brasil n\u00e3o ficou para tr\u00e1s, pois, em apenas, 15 minutos, choveu 20,4mm.<br \/>\nEssa chuva foi acompanhada por muitos raios e ventos, cujas rajadas passaram de 55km\/h, segundo registro da esta\u00e7\u00e3o meteorol\u00f3gica de Epitaciol\u00e2ndia.<br \/>\nChoveu torrencialmente, tamb\u00e9m, em Capixaba, com 83,6mm, e em Assis Brasil, com 66,4mm.<br \/>\nNo vale do riozinho do Rola, foram registrados 75,0mm, no seu alto curso, e 57,6mm, pr\u00f3ximo \u00e0 sua foz.<\/p>\n<p>N\u00cdVEL DO RIO ACRE SUBIU 4 METROS NAS \u00daLTIMAS 12 HORAS<br \/>\nAs chuvas torrenciais registradas na noite de quarta-feira para quinta-feira refletiram-se imediatamente no n\u00edvel do rio Acre.<br \/>\nO maior aumento ocorreu no seu alto curso, pouco acima da cidade Assis Brasil, onde o n\u00edvel do rio Acre subiu de 50 cent\u00edmetros para 4,5 metros, ou seja, aumentou 4 metros, em, apenas, 12 horas.<br \/>\nN\u00e3o foi diferente em Brasileia e em Xapuri, pois nessas cidades, seu n\u00edvel aumentou 2m, nesse mesmo intervalo de tempo. Aumento consider\u00e1vel tamb\u00e9m ocorreu no riozinho do Rola, principalmente, no seu m\u00e9dio e alto curso.<br \/>\nPortanto, nos pr\u00f3ximos dias, o n\u00edvel do rio Acre, em Rio Branco, sofrer\u00e1 aumento significativo, mas que n\u00e3o oferecer\u00e1, por enquanto, motivos para maiores preocupa\u00e7\u00f5es.<\/p>\n","protected":false},"excerpt":{"rendered":"<p>11h 10min A MAIS FORTE CHUVA DO ANO Aconteceu como previsto e anunciado por O Tempo Aqui. A aproxima\u00e7\u00e3o e chegada de uma frente fria provocou fortes temporais, na maior parte do Acre, na noite desta quarta-feira (14\/12\/2016). Choveu acima de 100mm em v\u00e1rios pontos. Em Epitaciol\u00e2ndia, foram registrados 117,2mm de chuva em menos de [&hellip;]<\/p>\n","protected":false},"author":2,"featured_media":0,"comment_status":"open","ping_status":"open","sticky":false,"template":"","format":"standard","meta":{"_jetpack_memberships_contains_paid_content":false,"footnotes":"","jetpack_publicize_message":"","jetpack_publicize_feature_enabled":true,"jetpack_social_post_already_shared":true,"jetpack_social_options":{"image_generator_settings":{"template":"highway","enabled":false},"version":2}},"categories":[192,1],"tags":[163,161,171,172,82,39,157,64,35],"class_list":["post-13336","post","type-post","status-publish","format-standard","hentry","category-diario-do-tempo","category-geral","tag-alerta-de-enchente","tag-enchente","tag-enchente-do-rio-acre","tag-enchentes","tag-enchentes-e-alagacoes","tag-nivel-do-rio-acre","tag-nivel-dos-rios","tag-rio-acre","tag-temporais"],"jetpack_publicize_connections":[],"jetpack_featured_media_url":"","jetpack_likes_enabled":true,"jetpack_sharing_enabled":true,"_links":{"self":[{"href":"https:\/\/otempoaqui.com.br\/index.php?rest_route=\/wp\/v2\/posts\/13336","targetHints":{"allow":["GET"]}}],"collection":[{"href":"https:\/\/otempoaqui.com.br\/index.php?rest_route=\/wp\/v2\/posts"}],"about":[{"href":"https:\/\/otempoaqui.com.br\/index.php?rest_route=\/wp\/v2\/types\/post"}],"author":[{"embeddable":true,"href":"https:\/\/otempoaqui.com.br\/index.php?rest_route=\/wp\/v2\/users\/2"}],"replies":[{"embeddable":true,"href":"https:\/\/otempoaqui.com.br\/index.php?rest_route=%2Fwp%2Fv2%2Fcomments&post=13336"}],"version-history":[{"count":0,"href":"https:\/\/otempoaqui.com.br\/index.php?rest_route=\/wp\/v2\/posts\/13336\/revisions"}],"wp:attachment":[{"href":"https:\/\/otempoaqui.com.br\/index.php?rest_route=%2Fwp%2Fv2%2Fmedia&parent=13336"}],"wp:term":[{"taxonomy":"category","embeddable":true,"href":"https:\/\/otempoaqui.com.br\/index.php?rest_route=%2Fwp%2Fv2%2Fcategories&post=13336"},{"taxonomy":"post_tag","embeddable":true,"href":"https:\/\/otempoaqui.com.br\/index.php?rest_route=%2Fwp%2Fv2%2Ftags&post=13336"}],"curies":[{"name":"wp","href":"https:\/\/api.w.org\/{rel}","templated":true}]}}