{"id":13252,"date":"2016-12-06T13:24:06","date_gmt":"2016-12-06T18:24:06","guid":{"rendered":"http:\/\/otempoaqui.com\/?p=13252"},"modified":"2016-12-06T13:24:06","modified_gmt":"2016-12-06T18:24:06","slug":"chuvas-de-verao-ja-predominam-nivel-dos-rios-tera-subida-rapida-nos-proximos-dias","status":"publish","type":"post","link":"https:\/\/otempoaqui.com.br\/?p=13252","title":{"rendered":"Chuvas de ver\u00e3o j\u00e1 predominam! N\u00edvel dos rios ter\u00e1 subida r\u00e1pida nos pr\u00f3ximos dias."},"content":{"rendered":"<p>11h 45min.<\/p>\n<p>VER\u00c3O NEM COME\u00c7OU E CHUVAS J\u00c1 S\u00c3O T\u00cdPICAS DESTA ESTA\u00c7\u00c3O<br \/>\nOs primeiros dias de dezembro de 2016 j\u00e1 se apresentam tipicamente de ver\u00e3o, com chuvas di\u00e1rias e a qualquer hora, muitas vezes volumosas, mas calmas, sem ventos fortes nem muitos raios no Acre, em Rond\u00f4nia e no sul e oeste do Amazonas.<br \/>\nO ver\u00e3o come\u00e7a no pr\u00f3ximo dia 21, mas seus efeitos j\u00e1 est\u00e3o presentes, com muita chuva na regi\u00e3o, como consequ\u00eancia da incurs\u00e3o de umidade origin\u00e1ria da evapora\u00e7\u00e3o das \u00e1guas do oceano Atl\u00e2ntico e trazida at\u00e9 a Amaz\u00f4nia Ocidental por ventos que sopram, principalmente, pelo corredor de terras baixas, onde se localiza o rio Amazonas e seus afluentes.<br \/>\nNo entanto, vez ou outra, ocorrer\u00e3o chuvas frontais, devido \u00e0 aproxima\u00e7\u00e3o de frentes frias, cujo efeito \u00e9 provocar chuvas torrenciais nessa \u00e9poca do ano.<br \/>\nDurante toda esta semana e, pelo menos, at\u00e9 a pr\u00f3xima segunda-feira (12\/12\/2016), as chuvas ser\u00e3o di\u00e1rias, principalmente, na parte da tarde ou nas primeiras horas da noite, mas poder\u00e3o ocorrer a qualquer hora.<br \/>\nOs maiores volumes dever\u00e3o ser registrados na sexta-feira, no s\u00e1bado, no domingo e na segunda-feira, devido, entre outros fatores, \u00e0 aproxima\u00e7\u00e3o de uma fraca frente fria.<br \/>\nN\u00e3o est\u00e1 descartada a possibilidade de temporais, em alguns pontos, com chuvas fortes, raios e ventanias. O que dever\u00e1 predominar, no entanto, \u00e9 calor abafado, com chuvas calmas, embora, muitas vezes, volumosas.<br \/>\nChuvas intensas, durante esta semana e no in\u00edcio da pr\u00f3xima, ocorrer\u00e3o, tamb\u00e9m, em Goi\u00e1s, no Distrito Federal, em Mato Grosso, na Bol\u00edvia e no Peru.<\/p>\n<p>N\u00cdVEL DOS RIOS TER\u00c1 SUBIDA R\u00c1PIDA NOS PR\u00d3XIMOS DIAS<br \/>\nCom as chuvas de ver\u00e3o come\u00e7ando, os n\u00edveis dos rios ter\u00e3o subida r\u00e1pida, a partir de agora, sendo que alguns poder\u00e3o at\u00e9 transbordar nos pr\u00f3ximos dias, principalmente, os menores.<br \/>\nO rio Acre tem recebido muita \u00e1gua pluvial nos \u00faltimos dias, principalmente, atrav\u00e9s dos seus dois maiores afluentes: o rio Xapuri e o riozinho do Rola. A preocupa\u00e7\u00e3o maior est\u00e1 com o rio Tarauac\u00e1, pois dever\u00e3o ocorrer chuvas torrenciais em sua bacia hidrogr\u00e1fica, podendo provocar transbordamento em algumas \u00e1reas, inclusive, na cidade de Tarauac\u00e1.<br \/>\nO rio Madeira e os demais da sua bacia hidrogr\u00e1fica, tamb\u00e9m, subir\u00e3o bastante, tendo em vista que vai continuar chovendo muito nos vales dos rios Guapor\u00e9, Beni e Madre de Dios, localizados, respectivamente, em territ\u00f3rios de Rond\u00f4nia, Mato Grosso, Bol\u00edvia e Peru.<\/p>\n<p>PLANT\u00c3O DO VER\u00c3O 2017 E AS ENCHENTES<br \/>\nComo anualmente faz, O Tempo Aqui, atrav\u00e9s do Plant\u00e3o do Ver\u00e3o 2017, vai trazer, semanalmente, a posi\u00e7\u00e3o do n\u00edvel dos principais rios e a tend\u00eancia para os dias e semanas seguintes, assim como a probabilidade de uma enchente nesta esta\u00e7\u00e3o.<br \/>\nEssas informa\u00e7\u00f5es semanais dever\u00e3o come\u00e7ar no in\u00edcio do pr\u00f3ximo m\u00eas ou mesmo antes, caso haja tend\u00eancia de ocorr\u00eancia de transbordamentos dos principais rios do Acre e de Rond\u00f4nia.<\/p>\n","protected":false},"excerpt":{"rendered":"<p>11h 45min. VER\u00c3O NEM COME\u00c7OU E CHUVAS J\u00c1 S\u00c3O T\u00cdPICAS DESTA ESTA\u00c7\u00c3O Os primeiros dias de dezembro de 2016 j\u00e1 se apresentam tipicamente de ver\u00e3o, com chuvas di\u00e1rias e a qualquer hora, muitas vezes volumosas, mas calmas, sem ventos fortes nem muitos raios no Acre, em Rond\u00f4nia e no sul e oeste do Amazonas. O [&hellip;]<\/p>\n","protected":false},"author":2,"featured_media":0,"comment_status":"open","ping_status":"open","sticky":false,"template":"","format":"standard","meta":{"_jetpack_memberships_contains_paid_content":false,"footnotes":"","jetpack_publicize_message":"","jetpack_publicize_feature_enabled":true,"jetpack_social_post_already_shared":true,"jetpack_social_options":{"image_generator_settings":{"template":"highway","enabled":false},"version":2}},"categories":[1,193],"tags":[163,52,36,61,161,171,172,82,39,157,46,26,64,92],"class_list":["post-13252","post","type-post","status-publish","format-standard","hentry","category-geral","category-previsao-do-tempo","tag-alerta-de-enchente","tag-chuvas","tag-chuvas-fortes","tag-chuvas-intensas","tag-enchente","tag-enchente-do-rio-acre","tag-enchentes","tag-enchentes-e-alagacoes","tag-nivel-do-rio-acre","tag-nivel-dos-rios","tag-previsao-do-tempo-para-os-proximos-dias","tag-previsao-para-os-proximos-dias","tag-rio-acre","tag-rio-madeira"],"jetpack_publicize_connections":[],"jetpack_featured_media_url":"","jetpack_likes_enabled":true,"jetpack_sharing_enabled":true,"_links":{"self":[{"href":"https:\/\/otempoaqui.com.br\/index.php?rest_route=\/wp\/v2\/posts\/13252","targetHints":{"allow":["GET"]}}],"collection":[{"href":"https:\/\/otempoaqui.com.br\/index.php?rest_route=\/wp\/v2\/posts"}],"about":[{"href":"https:\/\/otempoaqui.com.br\/index.php?rest_route=\/wp\/v2\/types\/post"}],"author":[{"embeddable":true,"href":"https:\/\/otempoaqui.com.br\/index.php?rest_route=\/wp\/v2\/users\/2"}],"replies":[{"embeddable":true,"href":"https:\/\/otempoaqui.com.br\/index.php?rest_route=%2Fwp%2Fv2%2Fcomments&post=13252"}],"version-history":[{"count":0,"href":"https:\/\/otempoaqui.com.br\/index.php?rest_route=\/wp\/v2\/posts\/13252\/revisions"}],"wp:attachment":[{"href":"https:\/\/otempoaqui.com.br\/index.php?rest_route=%2Fwp%2Fv2%2Fmedia&parent=13252"}],"wp:term":[{"taxonomy":"category","embeddable":true,"href":"https:\/\/otempoaqui.com.br\/index.php?rest_route=%2Fwp%2Fv2%2Fcategories&post=13252"},{"taxonomy":"post_tag","embeddable":true,"href":"https:\/\/otempoaqui.com.br\/index.php?rest_route=%2Fwp%2Fv2%2Ftags&post=13252"}],"curies":[{"name":"wp","href":"https:\/\/api.w.org\/{rel}","templated":true}]}}