{"id":12878,"date":"2016-10-24T12:31:13","date_gmt":"2016-10-24T17:31:13","guid":{"rendered":"http:\/\/otempoaqui.com\/?p=12878"},"modified":"2016-10-24T12:20:20","modified_gmt":"2016-10-24T17:20:20","slug":"chuvas-intensas-temporais-e-frio-marcarao-esta-semana","status":"publish","type":"post","link":"https:\/\/otempoaqui.com.br\/?p=12878","title":{"rendered":"Chuvas intensas, temporais e frio marcar\u00e3o esta semana"},"content":{"rendered":"<p>10h 50min<\/p>\n<p>FRIO POLAR CHEGA ESTA SEMANA<br \/>\nUma intensa onda de frio, de origem polar, come\u00e7a a penetrar pelo Brasil, na pr\u00f3xima quinta-feira (27\/10\/2016), despencando a temperatura em v\u00e1rios estados, inclusive, na Amaz\u00f4nia Ocidental e no Centro-Oeste.<br \/>\nA frente fria, que antecede essa massa de ar frio, chega com muito vento, cujas rajadas poder\u00e3o passar de 60km\/h, em alguns pontos mais altos.<br \/>\nA temperatura cai bruscamente no leste e no sul do Acre, no sul e oeste de Rond\u00f4nia, na regi\u00e3o do Pantanal de Mato Grosso, nas terras baixas da Bol\u00edvia e no sudeste do Peru.<\/p>\n<p>CHUVAS INTENSAS E TEMPORAIS<br \/>\nA elevada umidade do ar, trazida por ventos que sopram do oceano Atl\u00e2ntico, provocar\u00e1 chuvas passageiras, a qualquer hora, at\u00e9 a pr\u00f3xima quinta-feira, no Acre, em Rond\u00f4nia, no Amazonas, em Mato Grosso, no sul e sudoeste de Goi\u00e1s, na Bol\u00edvia e no Peru.<br \/>\nNo entanto, entre quarta-feira e sexta-feira, principalmente, na quinta-feira (27\/10\/2016), devido \u00e0 chegada da frente fria, as condi\u00e7\u00f5es atmosf\u00e9ricas estar\u00e3o altamente favor\u00e1veis \u00e0 ocorr\u00eancia de temporais, com chuvas intensas, ventos fortes e perigosos, muitos raios e queda pontual de granizo, na maior parte do Acre, de Rond\u00f4nia, de Mato Grosso, do sul do Amazonas, do sul e sudoeste de Goi\u00e1s e nas terras baixas da Bol\u00edvia e do leste e sudeste do Peru.<\/p>\n<p>POSSIBILIDADE DE S\u00c9RIOS TRANSTORNOS<br \/>\nO Tempo Aqui alerta que, durante esta semana, principalmente, entre quarta-feira e sexta-feira, poder\u00e3o ocorrer s\u00e9rios transtornos \u00e0 popula\u00e7\u00e3o de \u00e1reas vulner\u00e1veis, como r\u00e1pida inunda\u00e7\u00e3o de ruas e riachos, queda de galhos e \u00e1rvores, destelhamento e danos \u00e0s edifica\u00e7\u00f5es, al\u00e9m do perigo dos raios.<br \/>\n\u00c9 importante, nesses dias de tempo severo, que a popula\u00e7\u00e3o fique atenta para evitar transtornos e preju\u00edzos maiores.<\/p>\n<p>ACOMPANHE NOSSAS ATUALIZA\u00c7\u00d5ES<br \/>\nA cada dia, O Tempo Aqui publicar\u00e1 novas informa\u00e7\u00f5es, que ser\u00e3o mais precisas quanto a intensidade desses fen\u00f4menos atmosf\u00e9ricos que se aproximam.<br \/>\nAssim, acompanhe nossas atualiza\u00e7\u00f5es que ocorrem diariamente e a qualquer momento.<\/p>\n","protected":false},"excerpt":{"rendered":"<p>10h 50min FRIO POLAR CHEGA ESTA SEMANA Uma intensa onda de frio, de origem polar, come\u00e7a a penetrar pelo Brasil, na pr\u00f3xima quinta-feira (27\/10\/2016), despencando a temperatura em v\u00e1rios estados, inclusive, na Amaz\u00f4nia Ocidental e no Centro-Oeste. A frente fria, que antecede essa massa de ar frio, chega com muito vento, cujas rajadas poder\u00e3o passar [&hellip;]<\/p>\n","protected":false},"author":2,"featured_media":0,"comment_status":"open","ping_status":"open","sticky":false,"template":"","format":"standard","meta":{"_jetpack_memberships_contains_paid_content":false,"footnotes":"","jetpack_publicize_message":"","jetpack_publicize_feature_enabled":true,"jetpack_social_post_already_shared":true,"jetpack_social_options":{"image_generator_settings":{"template":"highway","enabled":false},"version":2}},"categories":[1,193],"tags":[73,52,36,61,30,125,46,168,26,35,45,38],"class_list":["post-12878","post","type-post","status-publish","format-standard","hentry","category-geral","category-previsao-do-tempo","tag-alerta-de-temporais","tag-chuvas","tag-chuvas-fortes","tag-chuvas-intensas","tag-frio-no-acre","tag-frio-no-brasil","tag-previsao-do-tempo-para-os-proximos-dias","tag-previsao-para-a-semana","tag-previsao-para-os-proximos-dias","tag-temporais","tag-ventania","tag-ventanias"],"jetpack_publicize_connections":[],"jetpack_featured_media_url":"","jetpack_likes_enabled":true,"jetpack_sharing_enabled":true,"_links":{"self":[{"href":"https:\/\/otempoaqui.com.br\/index.php?rest_route=\/wp\/v2\/posts\/12878","targetHints":{"allow":["GET"]}}],"collection":[{"href":"https:\/\/otempoaqui.com.br\/index.php?rest_route=\/wp\/v2\/posts"}],"about":[{"href":"https:\/\/otempoaqui.com.br\/index.php?rest_route=\/wp\/v2\/types\/post"}],"author":[{"embeddable":true,"href":"https:\/\/otempoaqui.com.br\/index.php?rest_route=\/wp\/v2\/users\/2"}],"replies":[{"embeddable":true,"href":"https:\/\/otempoaqui.com.br\/index.php?rest_route=%2Fwp%2Fv2%2Fcomments&post=12878"}],"version-history":[{"count":0,"href":"https:\/\/otempoaqui.com.br\/index.php?rest_route=\/wp\/v2\/posts\/12878\/revisions"}],"wp:attachment":[{"href":"https:\/\/otempoaqui.com.br\/index.php?rest_route=%2Fwp%2Fv2%2Fmedia&parent=12878"}],"wp:term":[{"taxonomy":"category","embeddable":true,"href":"https:\/\/otempoaqui.com.br\/index.php?rest_route=%2Fwp%2Fv2%2Fcategories&post=12878"},{"taxonomy":"post_tag","embeddable":true,"href":"https:\/\/otempoaqui.com.br\/index.php?rest_route=%2Fwp%2Fv2%2Ftags&post=12878"}],"curies":[{"name":"wp","href":"https:\/\/api.w.org\/{rel}","templated":true}]}}