{"id":12837,"date":"2016-10-20T12:20:44","date_gmt":"2016-10-20T17:20:44","guid":{"rendered":"http:\/\/otempoaqui.com\/?p=12837"},"modified":"2016-10-20T12:20:44","modified_gmt":"2016-10-20T17:20:44","slug":"chuvas-temporais-e-leve-queda-da-temperatura-marcarao-os-proximos-dias","status":"publish","type":"post","link":"https:\/\/otempoaqui.com.br\/?p=12837","title":{"rendered":"Chuvas, temporais e leve queda da temperatura marcar\u00e3o os pr\u00f3ximos dias"},"content":{"rendered":"<p>10h 55min<\/p>\n<p>CHUVAS RETORNAM E TEMPERATURA DIMINUI<br \/>\nA umidade do oceano Atl\u00e2ntico come\u00e7a a penetrar novamente em toda a Amaz\u00f4nia Ocidental e o Centro-Oeste brasileiro. Assim, formam-se nuvens carregadas que resultam em chuvas abundantes, a partir desta sexta-feira (21\/10\/2016), no Acre, em Rond\u00f4nia e no Amazonas. Chove bastante, j\u00e1 a partir desta quinta-feira (20\/10\/2016), em Goi\u00e1s, em Mato Grosso e no Distrito Federal.<br \/>\nNo entanto, em todas essas unidades da federa\u00e7\u00e3o e, tamb\u00e9m, na Bol\u00edvia e no Peru, chuvas passageiras j\u00e1 estar\u00e3o ocorrendo, a qualquer hora, mas, principalmente, durante a tarde ou nas primeiras horas da noite.<br \/>\nO calor dos \u00faltimos dias come\u00e7a a dar lugar a uma poderosa massa de ar \u00famido, um pouco mais frio, e, assim, os pr\u00f3ximos dias ter\u00e3o temperaturas mais agrad\u00e1veis em todas esses estados e no Distrito Federal.<br \/>\nNa pr\u00f3xima semana, as condi\u00e7\u00f5es atmosf\u00e9ricas continuar\u00e3o favor\u00e1veis \u00e0 ocorr\u00eancia de chuvas passageiras, a qualquer hora, mas, muitas vezes, volumosas, pelo menos at\u00e9 quarta-feira, dia 26 de outubro, na maior parte do Acre, de Rond\u00f4nia, do Amazonas, da Bol\u00edvia, do Peru e de parte de Mato Grosso. J\u00e1, em Goi\u00e1s, no Distrito Federal e no leste de Mato Grosso, as chuvas diminuem bastante, a partir de segunda-feira.<\/p>\n<p>ALERTA DE TEMPORAIS COM CHEGADA DE FRENTE FRIA<br \/>\nNesses pr\u00f3ximos dias, as condi\u00e7\u00f5es atmosf\u00e9ricas tamb\u00e9m estar\u00e3o favor\u00e1veis \u00e0 ocorr\u00eancia de temporais isolados.<br \/>\nNesta sexta-feira (21\/10\/2016), uma frente fria de fraca intensidade chega ao Acre, ao sul e oeste de Rond\u00f4nia e \u00e0 regi\u00e3o do Pantanal de Mato Grosso intensificando a forma\u00e7\u00e3o de nuvens carregadas e provocando temporais isolados, que, em alguns pontos, poder\u00e3o provocar tempo severo, com fortes ventanias, raios, chuvas volumosas e queda de granizo.<br \/>\nO Tempo Aqui alerta para o perigo desses temporais que poder\u00e3o causar transtornos \u00e0 popula\u00e7\u00e3o de \u00e1reas vulner\u00e1veis, como r\u00e1pida inunda\u00e7\u00e3o de ruas e riachos, queda de galhos e \u00e1rvores e destelhamento e danos \u00e0s edifica\u00e7\u00f5es, al\u00e9m do perigo dos raios.<br \/>\nPortanto, a popula\u00e7\u00e3o deve ficar atenta para evitar maiores preju\u00edzos ou transtornos.<\/p>\n","protected":false},"excerpt":{"rendered":"<p>10h 55min CHUVAS RETORNAM E TEMPERATURA DIMINUI A umidade do oceano Atl\u00e2ntico come\u00e7a a penetrar novamente em toda a Amaz\u00f4nia Ocidental e o Centro-Oeste brasileiro. Assim, formam-se nuvens carregadas que resultam em chuvas abundantes, a partir desta sexta-feira (21\/10\/2016), no Acre, em Rond\u00f4nia e no Amazonas. Chove bastante, j\u00e1 a partir desta quinta-feira (20\/10\/2016), em [&hellip;]<\/p>\n","protected":false},"author":2,"featured_media":0,"comment_status":"open","ping_status":"open","sticky":false,"template":"","format":"standard","meta":{"_jetpack_memberships_contains_paid_content":false,"footnotes":"","jetpack_publicize_message":"","jetpack_publicize_feature_enabled":true,"jetpack_social_post_already_shared":true,"jetpack_social_options":{"image_generator_settings":{"template":"highway","enabled":false},"version":2}},"categories":[1,193],"tags":[73,52,36,61,46,26,35,45,38],"class_list":["post-12837","post","type-post","status-publish","format-standard","hentry","category-geral","category-previsao-do-tempo","tag-alerta-de-temporais","tag-chuvas","tag-chuvas-fortes","tag-chuvas-intensas","tag-previsao-do-tempo-para-os-proximos-dias","tag-previsao-para-os-proximos-dias","tag-temporais","tag-ventania","tag-ventanias"],"jetpack_publicize_connections":[],"jetpack_featured_media_url":"","jetpack_likes_enabled":true,"jetpack_sharing_enabled":true,"_links":{"self":[{"href":"https:\/\/otempoaqui.com.br\/index.php?rest_route=\/wp\/v2\/posts\/12837","targetHints":{"allow":["GET"]}}],"collection":[{"href":"https:\/\/otempoaqui.com.br\/index.php?rest_route=\/wp\/v2\/posts"}],"about":[{"href":"https:\/\/otempoaqui.com.br\/index.php?rest_route=\/wp\/v2\/types\/post"}],"author":[{"embeddable":true,"href":"https:\/\/otempoaqui.com.br\/index.php?rest_route=\/wp\/v2\/users\/2"}],"replies":[{"embeddable":true,"href":"https:\/\/otempoaqui.com.br\/index.php?rest_route=%2Fwp%2Fv2%2Fcomments&post=12837"}],"version-history":[{"count":0,"href":"https:\/\/otempoaqui.com.br\/index.php?rest_route=\/wp\/v2\/posts\/12837\/revisions"}],"wp:attachment":[{"href":"https:\/\/otempoaqui.com.br\/index.php?rest_route=%2Fwp%2Fv2%2Fmedia&parent=12837"}],"wp:term":[{"taxonomy":"category","embeddable":true,"href":"https:\/\/otempoaqui.com.br\/index.php?rest_route=%2Fwp%2Fv2%2Fcategories&post=12837"},{"taxonomy":"post_tag","embeddable":true,"href":"https:\/\/otempoaqui.com.br\/index.php?rest_route=%2Fwp%2Fv2%2Ftags&post=12837"}],"curies":[{"name":"wp","href":"https:\/\/api.w.org\/{rel}","templated":true}]}}