{"id":12827,"date":"2016-10-18T14:55:18","date_gmt":"2016-10-18T19:55:18","guid":{"rendered":"http:\/\/otempoaqui.com\/?p=12827"},"modified":"2016-10-18T14:55:18","modified_gmt":"2016-10-18T19:55:18","slug":"chuvas-retornam-e-temperatura-diminui-ainda-nesta-semana-no-acre-rondonia-mato-grosso-goias-amazonas-e-brasilia","status":"publish","type":"post","link":"https:\/\/otempoaqui.com.br\/?p=12827","title":{"rendered":"Chuvas retornam e temperatura diminui ainda nesta semana no Acre, Rond\u00f4nia, Mato Grosso, Goi\u00e1s, Amazonas e Bras\u00edlia"},"content":{"rendered":"<p>13h 10min<\/p>\n<p>CALOR INTENSO EST\u00c1 COM OS DIAS CONTADOS<br \/>\nO calor dos \u00faltimos dias, que tem castigado a Amaz\u00f4nia Ocidental e o Centro-Oeste do Brasil, est\u00e1 com os dias contados, pois, at\u00e9 o pr\u00f3ximo s\u00e1bado, toda essa \u00e1rea do Brasil ter\u00e1 chuvas volumosas, com queda das temperaturas m\u00e1ximas.<br \/>\nEm Goi\u00e1s, no Distrito Federal e em boa parte de Mato Grosso, as chuvas aumentam a partir desta quinta-feira (20\/10\/2016), com sens\u00edvel diminui\u00e7\u00e3o do calor diurno, mas ser\u00e1 nos dias seguintes que chover\u00e1 com mais intensidade.<br \/>\nJ\u00e1, em Rond\u00f4nia e no leste e sudeste do Amazonas, as chuvas retornam com mais for\u00e7a a partir da sexta-feira (21\/10\/2016).<br \/>\nNo Acre, a chegada de uma fraca frente fria dever\u00e1 provocar chuvas fortes e volumosas a partir desta sexta-feira, no leste e no sul do estado, mas, principalmente, no s\u00e1bado, no domingo e na segunda-feira pr\u00f3ximos, quando dever\u00e3o atingir todo o estado.<br \/>\nNo pr\u00f3ximo domingo (23\/10\/2016) e na segunda-feira, as chuvas ser\u00e3o quase generalizadas, embora passageiras, na maior parte do Acre, do Amazonas, de Rond\u00f4nia, de Mato Grosso, de Goi\u00e1s e do Distrito Federal, al\u00e9m de parte da Bol\u00edvia e do Peru.<\/p>\n<p>AR UM POUCO MAIS FRIO CHEGA NA SEXTA-FEIRA<br \/>\nA causa do retorno das chuvas \u00e9 o aumento da umidade do ar, trazida por ventos que sopram do oceano Atl\u00e2ntico, por\u00e9m, a chegada de uma frente fria, embora de fraca intensidade, proporcionar\u00e1 a forma\u00e7\u00e3o de nuvens mais carregadas que resultar\u00e3o em precipita\u00e7\u00f5es mais generalizadas,<br \/>\nPortanto, estes dois fatores, frente fria e aumento da umidade do ar, deixar\u00e3o a temperatura mais agrad\u00e1vel, com significativa queda durante o dia, j\u00e1 que haver\u00e1 muitas nuvens. Entretanto, estes mesmos fatores deixar\u00e3o a atmosfera em condi\u00e7\u00f5es favor\u00e1veis \u00e0 ocorr\u00eancia de temporais, com chuvas fortes, raios, ventanias e eventual queda de granizo, em algumas \u00e1reas, nos pr\u00f3ximos dias.<\/p>\n<p>N\u00cdVEL DOS RIOS VOLTAR\u00c1 A SUBIR<br \/>\nAssim, o n\u00edvel dos rios voltar\u00e1 a subir nos pr\u00f3ximos dias, inclusive do rio Acre, o qual teve uma sens\u00edvel baixa nos \u00faltimos dias.<br \/>\nEm Cruzeiro do Sul, o rio Juru\u00e1, j\u00e1 aproxima-se dos 6 metros, mas dever\u00e1 baixar nos pr\u00f3ximos dias, para voltar a subir na semana que vem,<\/p>\n<p>ACOMPANHE NOSSAS ATUALIZA\u00c7\u00d5ES<br \/>\nAs condi\u00e7\u00f5es atmosf\u00e9ricas podem mudar sem aviso pr\u00e9vio e alterar nossas previs\u00f5es, tanto para mais quanto para menos. Acompanhe nossas atualiza\u00e7\u00f5es, diariamente e a qualquer momento, para ficar melhor informado sobre o tempo no Acre, em Rond\u00f4nia, em Mato Grosso, em Goi\u00e1s, no Amazonas e no Distrito Federal.<br \/>\nO Tempo Aqui informar\u00e1, sempre que for poss\u00edvel e com anteced\u00eancia razo\u00e1vel, a chegada de tempo severo, como chuvas fortes, ventanias, raios e queda de granizo, principalmente, no Acre, em Rond\u00f4nia e no Amazonas.<\/p>\n","protected":false},"excerpt":{"rendered":"<p>13h 10min CALOR INTENSO EST\u00c1 COM OS DIAS CONTADOS O calor dos \u00faltimos dias, que tem castigado a Amaz\u00f4nia Ocidental e o Centro-Oeste do Brasil, est\u00e1 com os dias contados, pois, at\u00e9 o pr\u00f3ximo s\u00e1bado, toda essa \u00e1rea do Brasil ter\u00e1 chuvas volumosas, com queda das temperaturas m\u00e1ximas. Em Goi\u00e1s, no Distrito Federal e em [&hellip;]<\/p>\n","protected":false},"author":2,"featured_media":0,"comment_status":"open","ping_status":"open","sticky":false,"template":"","format":"standard","meta":{"_jetpack_memberships_contains_paid_content":false,"footnotes":"","jetpack_publicize_message":"","jetpack_publicize_feature_enabled":true,"jetpack_social_post_already_shared":true,"jetpack_social_options":{"image_generator_settings":{"template":"highway","enabled":false},"version":2}},"categories":[1,193],"tags":[73,52,36,61,39,157,46,168,26,35,45,38],"class_list":["post-12827","post","type-post","status-publish","format-standard","hentry","category-geral","category-previsao-do-tempo","tag-alerta-de-temporais","tag-chuvas","tag-chuvas-fortes","tag-chuvas-intensas","tag-nivel-do-rio-acre","tag-nivel-dos-rios","tag-previsao-do-tempo-para-os-proximos-dias","tag-previsao-para-a-semana","tag-previsao-para-os-proximos-dias","tag-temporais","tag-ventania","tag-ventanias"],"jetpack_publicize_connections":[],"jetpack_featured_media_url":"","jetpack_likes_enabled":true,"jetpack_sharing_enabled":true,"_links":{"self":[{"href":"https:\/\/otempoaqui.com.br\/index.php?rest_route=\/wp\/v2\/posts\/12827","targetHints":{"allow":["GET"]}}],"collection":[{"href":"https:\/\/otempoaqui.com.br\/index.php?rest_route=\/wp\/v2\/posts"}],"about":[{"href":"https:\/\/otempoaqui.com.br\/index.php?rest_route=\/wp\/v2\/types\/post"}],"author":[{"embeddable":true,"href":"https:\/\/otempoaqui.com.br\/index.php?rest_route=\/wp\/v2\/users\/2"}],"replies":[{"embeddable":true,"href":"https:\/\/otempoaqui.com.br\/index.php?rest_route=%2Fwp%2Fv2%2Fcomments&post=12827"}],"version-history":[{"count":0,"href":"https:\/\/otempoaqui.com.br\/index.php?rest_route=\/wp\/v2\/posts\/12827\/revisions"}],"wp:attachment":[{"href":"https:\/\/otempoaqui.com.br\/index.php?rest_route=%2Fwp%2Fv2%2Fmedia&parent=12827"}],"wp:term":[{"taxonomy":"category","embeddable":true,"href":"https:\/\/otempoaqui.com.br\/index.php?rest_route=%2Fwp%2Fv2%2Fcategories&post=12827"},{"taxonomy":"post_tag","embeddable":true,"href":"https:\/\/otempoaqui.com.br\/index.php?rest_route=%2Fwp%2Fv2%2Ftags&post=12827"}],"curies":[{"name":"wp","href":"https:\/\/api.w.org\/{rel}","templated":true}]}}