{"id":1277,"date":"2013-11-12T16:12:04","date_gmt":"2013-11-12T16:12:04","guid":{"rendered":"http:\/\/otempoaqui.com\/?p=1277"},"modified":"2013-11-12T16:12:04","modified_gmt":"2013-11-12T16:12:04","slug":"atencao-alerta-de-temporais-tempestade-ja-se-formou-e-desloca-se-em-direcao-a-rio-branco-saiba-quais-os-primeiros-municipios-a-serem-atingidos","status":"publish","type":"post","link":"https:\/\/otempoaqui.com.br\/?p=1277","title":{"rendered":"ATEN\u00c7\u00c3O: ALERTA DE TEMPORAIS. Tempestade j\u00e1 se formou e desloca-se em dire\u00e7\u00e3o a Rio Branco. Saiba quais os primeiros munic\u00edpios a serem atingidos."},"content":{"rendered":"<p> 10h 55min<\/p>\n<p>     Conforme alertamos, desde ontem, temporais atingir\u00e3o a maior parte do Acre, nesta ter\u00e7a-feira, dia 12.<br \/>\n     \u00c0s 9 horas da manh\u00e3 (hor\u00e1rio de Rio Branco), uma violenta tempestade formou-se entre Fortaleza do Abun\u00e3 e Guajar\u00e1-Mirim, em Rond\u00f4nia, e desloca-se, rapidamente, em dire\u00e7\u00e3o a Rio Branco.<br \/>\n     Os primeiros munic\u00edpios do estado a serem atingidos pelo temporal ser\u00e3o Acrel\u00e2ndia e Pl\u00e1cido de Castro. Logo em seguida, caso a tempestade n\u00e3o perca intensidade, atingir\u00e1, nas primeiras horas da tarde, os munic\u00edpios de Rio Branco, Senador Guiomard, Bujari, Capixaba e Porto Acre.<br \/>\n      Ressalta-se que outra forte tempestade, vindo da Bol\u00edvia, tamb\u00e9m, desloca-se, rapidamente, em dire\u00e7\u00e3o ao Acre, e dever\u00e1 atingir a capital acreana, no final da tarde ou durante esta noite, com ventos que, no momento, est\u00e3o se deslocando com velocidade superior a 80km\/h, com fortes descargas el\u00e9tricas, queda pontual de granizo e chuvas intensas.<br \/>\n      Destaca-se que, em algumas \u00e1reas, poder\u00e3o ocorrer s\u00e9rios transtornos \u00e0 popula\u00e7\u00e3o atingida pelo tempo severo.<br \/>\n      \u00c9 importante que as pessoas protejam-se, principalmente, dos raios, abrigando-se em ambientes fechados, at\u00e9 que a tempestade passe. Jamais circular por lugares abertos ou pr\u00f3ximos de \u00e1rvores isoladas.<\/p>\n","protected":false},"excerpt":{"rendered":"<p>10h 55min Conforme alertamos, desde ontem, temporais atingir\u00e3o a maior parte do Acre, nesta ter\u00e7a-feira, dia 12. \u00c0s 9 horas da manh\u00e3 (hor\u00e1rio de Rio Branco), uma violenta tempestade formou-se entre Fortaleza do Abun\u00e3 e Guajar\u00e1-Mirim, em Rond\u00f4nia, e desloca-se, rapidamente, em dire\u00e7\u00e3o a Rio Branco. Os primeiros munic\u00edpios do estado a serem atingidos pelo [&hellip;]<\/p>\n","protected":false},"author":2,"featured_media":0,"comment_status":"open","ping_status":"open","sticky":false,"template":"","format":"standard","meta":{"_jetpack_memberships_contains_paid_content":false,"footnotes":"","jetpack_publicize_message":"","jetpack_publicize_feature_enabled":true,"jetpack_social_post_already_shared":true,"jetpack_social_options":{"image_generator_settings":{"template":"highway","enabled":false},"version":2}},"categories":[1],"tags":[37,35,45],"class_list":["post-1277","post","type-post","status-publish","format-standard","hentry","category-geral","tag-raios","tag-temporais","tag-ventania"],"jetpack_publicize_connections":[],"jetpack_featured_media_url":"","jetpack_likes_enabled":true,"jetpack_sharing_enabled":true,"_links":{"self":[{"href":"https:\/\/otempoaqui.com.br\/index.php?rest_route=\/wp\/v2\/posts\/1277","targetHints":{"allow":["GET"]}}],"collection":[{"href":"https:\/\/otempoaqui.com.br\/index.php?rest_route=\/wp\/v2\/posts"}],"about":[{"href":"https:\/\/otempoaqui.com.br\/index.php?rest_route=\/wp\/v2\/types\/post"}],"author":[{"embeddable":true,"href":"https:\/\/otempoaqui.com.br\/index.php?rest_route=\/wp\/v2\/users\/2"}],"replies":[{"embeddable":true,"href":"https:\/\/otempoaqui.com.br\/index.php?rest_route=%2Fwp%2Fv2%2Fcomments&post=1277"}],"version-history":[{"count":0,"href":"https:\/\/otempoaqui.com.br\/index.php?rest_route=\/wp\/v2\/posts\/1277\/revisions"}],"wp:attachment":[{"href":"https:\/\/otempoaqui.com.br\/index.php?rest_route=%2Fwp%2Fv2%2Fmedia&parent=1277"}],"wp:term":[{"taxonomy":"category","embeddable":true,"href":"https:\/\/otempoaqui.com.br\/index.php?rest_route=%2Fwp%2Fv2%2Fcategories&post=1277"},{"taxonomy":"post_tag","embeddable":true,"href":"https:\/\/otempoaqui.com.br\/index.php?rest_route=%2Fwp%2Fv2%2Ftags&post=1277"}],"curies":[{"name":"wp","href":"https:\/\/api.w.org\/{rel}","templated":true}]}}