{"id":1275,"date":"2013-11-12T14:08:58","date_gmt":"2013-11-12T14:08:58","guid":{"rendered":"http:\/\/otempoaqui.com\/?p=1275"},"modified":"2013-11-12T14:10:33","modified_gmt":"2013-11-12T14:10:33","slug":"1275","status":"publish","type":"post","link":"https:\/\/otempoaqui.com.br\/?p=1275","title":{"rendered":"Temporal atingiu Rio Branco, Senador Guiomard e Bujari, na noite desta ter\u00e7a-feira, causando muitos estragos"},"content":{"rendered":"<p>8h 50min<\/p>\n<p>Um forte temporal, com chuvas torrenciais, ventos e muitos raios, atingiu os munic\u00edpios de Rio Branco, Senador Guiomard e Bujari, entre 18 e 22 horas desta segunda-feira, 11.<br \/>\nVentos, com rajadas registradas de at\u00e9 50km\/h, causaram muitos destelhamentos e queda de \u00e1rvores, em v\u00e1rios bairros dessas cidades.<br \/>\nEm Senador Guiomard, segundo relatos de moradores, os ventos podem ter atingido velocidade superior a 70km\/h, tendo em vista os danos causados pela passagem do temporal.<br \/>\nNo entanto, as chuvas mais intensas ocorreram ao longo da Transacreana, com volume superior a 100mm.<br \/>\nAs condi\u00e7\u00f5es atmosf\u00e9ricas est\u00e3o favor\u00e1veis \u00e0 ocorr\u00eancia de novos temporais, nesta ter\u00e7a-feira, 12, devido \u00e0 aproxima\u00e7\u00e3o e chegada de uma frente subtropical, cujo choque com o ar quente e \u00famido, que est\u00e1 sobre o estado, instabiliza o tempo, em todo o Acre.<br \/>\nEm algumas \u00e1reas, poder\u00e3o ocorrer s\u00e9rios transtornos \u00e0 popula\u00e7\u00e3o dos pontos atingidos pelo tempo severo.<br \/>\nO Tempo Aqui est\u00e1 acompanhado o desenvolvimento desses temporais e anunciar\u00e1 a hora e quais os munic\u00edpios que ser\u00e3o mais castigados pela adversidade do tempo.<br \/>\nPortanto, acompanhe nossas atualiza\u00e7\u00f5es que ocorrem a qualquer momento.<\/p>\n","protected":false},"excerpt":{"rendered":"<p>8h 50min Um forte temporal, com chuvas torrenciais, ventos e muitos raios, atingiu os munic\u00edpios de Rio Branco, Senador Guiomard e Bujari, entre 18 e 22 horas desta segunda-feira, 11. Ventos, com rajadas registradas de at\u00e9 50km\/h, causaram muitos destelhamentos e queda de \u00e1rvores, em v\u00e1rios bairros dessas cidades. Em Senador Guiomard, segundo relatos de [&hellip;]<\/p>\n","protected":false},"author":2,"featured_media":0,"comment_status":"open","ping_status":"open","sticky":false,"template":"","format":"standard","meta":{"_jetpack_memberships_contains_paid_content":false,"footnotes":"","jetpack_publicize_message":"","jetpack_publicize_feature_enabled":true,"jetpack_social_post_already_shared":true,"jetpack_social_options":{"image_generator_settings":{"template":"highway","enabled":false},"version":2}},"categories":[1],"tags":[37,35,45],"class_list":["post-1275","post","type-post","status-publish","format-standard","hentry","category-geral","tag-raios","tag-temporais","tag-ventania"],"jetpack_publicize_connections":[],"jetpack_featured_media_url":"","jetpack_likes_enabled":true,"jetpack_sharing_enabled":true,"_links":{"self":[{"href":"https:\/\/otempoaqui.com.br\/index.php?rest_route=\/wp\/v2\/posts\/1275","targetHints":{"allow":["GET"]}}],"collection":[{"href":"https:\/\/otempoaqui.com.br\/index.php?rest_route=\/wp\/v2\/posts"}],"about":[{"href":"https:\/\/otempoaqui.com.br\/index.php?rest_route=\/wp\/v2\/types\/post"}],"author":[{"embeddable":true,"href":"https:\/\/otempoaqui.com.br\/index.php?rest_route=\/wp\/v2\/users\/2"}],"replies":[{"embeddable":true,"href":"https:\/\/otempoaqui.com.br\/index.php?rest_route=%2Fwp%2Fv2%2Fcomments&post=1275"}],"version-history":[{"count":0,"href":"https:\/\/otempoaqui.com.br\/index.php?rest_route=\/wp\/v2\/posts\/1275\/revisions"}],"wp:attachment":[{"href":"https:\/\/otempoaqui.com.br\/index.php?rest_route=%2Fwp%2Fv2%2Fmedia&parent=1275"}],"wp:term":[{"taxonomy":"category","embeddable":true,"href":"https:\/\/otempoaqui.com.br\/index.php?rest_route=%2Fwp%2Fv2%2Fcategories&post=1275"},{"taxonomy":"post_tag","embeddable":true,"href":"https:\/\/otempoaqui.com.br\/index.php?rest_route=%2Fwp%2Fv2%2Ftags&post=1275"}],"curies":[{"name":"wp","href":"https:\/\/api.w.org\/{rel}","templated":true}]}}