{"id":1269,"date":"2013-11-11T18:38:02","date_gmt":"2013-11-11T18:38:02","guid":{"rendered":"http:\/\/otempoaqui.com\/?p=1269"},"modified":"2013-11-11T18:41:18","modified_gmt":"2013-11-11T18:41:18","slug":"1269","status":"publish","type":"post","link":"https:\/\/otempoaqui.com.br\/?p=1269","title":{"rendered":"TEMPO SEVERO: Chuvas intensas e alta probabilidade de temporais, com raios, ventanias e possibilidade de queda de granizo, nesta ter\u00e7a-feira, em Rio Branco e na maior parte do Acre. A adversidade do tempo poder\u00e1 causar transtornos \u00e0 popula\u00e7\u00e3o, em alguns pontos."},"content":{"rendered":"<p>TEMPO SEVERO: Chuvas intensas e alta probabilidade de temporais, com raios, ventanias e possibilidade de queda de granizo, nesta ter\u00e7a-feira, em Rio Branco e na maior parte do Acre. A adversidade do tempo poder\u00e1 causar transtornos \u00e0 popula\u00e7\u00e3o, em alguns pontos. Saiba mais.<\/p>\n<p>13h 40min<\/p>\n<p>As condi\u00e7\u00f5es atmosf\u00e9ricas estar\u00e3o altamente favor\u00e1veis \u00e0 ocorr\u00eancia de chuvas intensas, com temporais, na maior parte do Acre, nesta ter\u00e7a-feira, dia 12.<br \/>\nEm v\u00e1rios pontos, poder\u00e3o ocorrer fortes descargas el\u00e9tricas, com ventanias e, eventual, queda de granizo, inclusive, em Rio Branco.<br \/>\nA causa \u00e9 a aproxima\u00e7\u00e3o e a chegada de uma frente subtropical, cujo choque com o ar quente e \u00famido que est\u00e1 sobre o estado provoca instabilidade generalizada na atmosfera.<br \/>\nAssim, \u00e9 de se esperar tempo severo, que poder\u00e1 causar transtornos \u00e0 popula\u00e7\u00e3o das \u00e1reas mais atingidas pela adversidade da atmosfera.<br \/>\nO Tempo Aqui estar\u00e1 acompanhando e informando, a todo instante, nesta ter\u00e7a-feira, em quais munic\u00edpios o temporal estar\u00e1 mais ativo.<br \/>\nPortanto, acompanhe nossas atualiza\u00e7\u00f5es que ocorrem a qualquer momento.<\/p>\n","protected":false},"excerpt":{"rendered":"<p>TEMPO SEVERO: Chuvas intensas e alta probabilidade de temporais, com raios, ventanias e possibilidade de queda de granizo, nesta ter\u00e7a-feira, em Rio Branco e na maior parte do Acre. A adversidade do tempo poder\u00e1 causar transtornos \u00e0 popula\u00e7\u00e3o, em alguns pontos. Saiba mais. 13h 40min As condi\u00e7\u00f5es atmosf\u00e9ricas estar\u00e3o altamente favor\u00e1veis \u00e0 ocorr\u00eancia de chuvas [&hellip;]<\/p>\n","protected":false},"author":2,"featured_media":0,"comment_status":"open","ping_status":"open","sticky":false,"template":"","format":"standard","meta":{"_jetpack_memberships_contains_paid_content":false,"footnotes":"","jetpack_publicize_message":"","jetpack_publicize_feature_enabled":true,"jetpack_social_post_already_shared":true,"jetpack_social_options":{"image_generator_settings":{"template":"highway","enabled":false},"version":2}},"categories":[1],"tags":[37,35,45],"class_list":["post-1269","post","type-post","status-publish","format-standard","hentry","category-geral","tag-raios","tag-temporais","tag-ventania"],"jetpack_publicize_connections":[],"jetpack_featured_media_url":"","jetpack_likes_enabled":true,"jetpack_sharing_enabled":true,"_links":{"self":[{"href":"https:\/\/otempoaqui.com.br\/index.php?rest_route=\/wp\/v2\/posts\/1269","targetHints":{"allow":["GET"]}}],"collection":[{"href":"https:\/\/otempoaqui.com.br\/index.php?rest_route=\/wp\/v2\/posts"}],"about":[{"href":"https:\/\/otempoaqui.com.br\/index.php?rest_route=\/wp\/v2\/types\/post"}],"author":[{"embeddable":true,"href":"https:\/\/otempoaqui.com.br\/index.php?rest_route=\/wp\/v2\/users\/2"}],"replies":[{"embeddable":true,"href":"https:\/\/otempoaqui.com.br\/index.php?rest_route=%2Fwp%2Fv2%2Fcomments&post=1269"}],"version-history":[{"count":0,"href":"https:\/\/otempoaqui.com.br\/index.php?rest_route=\/wp\/v2\/posts\/1269\/revisions"}],"wp:attachment":[{"href":"https:\/\/otempoaqui.com.br\/index.php?rest_route=%2Fwp%2Fv2%2Fmedia&parent=1269"}],"wp:term":[{"taxonomy":"category","embeddable":true,"href":"https:\/\/otempoaqui.com.br\/index.php?rest_route=%2Fwp%2Fv2%2Fcategories&post=1269"},{"taxonomy":"post_tag","embeddable":true,"href":"https:\/\/otempoaqui.com.br\/index.php?rest_route=%2Fwp%2Fv2%2Ftags&post=1269"}],"curies":[{"name":"wp","href":"https:\/\/api.w.org\/{rel}","templated":true}]}}