{"id":12110,"date":"2016-08-02T13:04:26","date_gmt":"2016-08-02T18:04:26","guid":{"rendered":"http:\/\/otempoaqui.com\/?p=12110"},"modified":"2016-08-02T13:04:26","modified_gmt":"2016-08-02T18:04:26","slug":"umidade-do-ar-baixa-muito-sol-temperaturas-diurnas-elevadas-e-noites-amenas-vao-continuar-sem-possibilidade-de-chuvas","status":"publish","type":"post","link":"https:\/\/otempoaqui.com.br\/?p=12110","title":{"rendered":"Umidade do ar baixa, muito sol, temperaturas diurnas elevadas e noites amenas v\u00e3o continuar, sem possibilidade de chuvas"},"content":{"rendered":"<p>10h 15min<\/p>\n<p>MUITO SOL E CALOR, COM BAIXA UMIDADE, SEM CHUVAS<br \/>\nNovos recordes de baixa umidade do ar e de temperaturas altas de 2016 dever\u00e3o ser registrados, nos pr\u00f3ximos dias, entre 3 e 8 de agosto, no Acre, em Rond\u00f4nia e no sul do Amazonas.<br \/>\nN\u00e3o h\u00e1 possibilidade de chuvas significativas, pelo menos at\u00e9 a pr\u00f3xima segunda-feira, dia 8. e, se ocorrerem, ser\u00e3o fracas e r\u00e1pidas, somente em alguns poucos pontos isolados, com maior probabilidade no vale do Juru\u00e1.<br \/>\nA chegada de mais uma frente fria, nesta ter\u00e7a-feira, dia 2, embora de fraca intensidade, indica a penetra\u00e7\u00e3o de mais ar seco, nos pr\u00f3ximos dias, inibindo qualquer forma\u00e7\u00e3o de nuvens de chuva, principalmente, no leste e no sul do Acre, em Rond\u00f4nia e no sul do Amazonas.<br \/>\nDurante o dia, as temperaturas m\u00e1ximas poder\u00e3o registrar novos recordes deste ano de 2016, com valores entre 36 e 38\u00baC, em Rio Branco e Porto Velho, e, entre 37 e 39\u00baC, em algumas cidades do interior da Amaz\u00f4nia sul-ocidental.<br \/>\nAs noites, entretanto, dever\u00e3o continuar amenas e, at\u00e9, frias, principalmente, em Rio Branco, Brasileia, Assis Brasil, Guajar\u00e1-Mirim, Costa Marques e cidades pr\u00f3ximas, com m\u00ednimas, ao amanhecer, oscilando entre 14 e 17\u00baC. Nas demais cidades, as m\u00ednimas dever\u00e3o variar entre 17 e 20\u00baC.<br \/>\nA umidade do ar diminui ainda mais, nos pr\u00f3ximos dias, e as m\u00ednimas, que ocorrem na parte da tarde, dever\u00e3o ficar abaixo de 35% em toda a regi\u00e3o, por\u00e9m, em algumas \u00e1reas, inferior a 25% e, em Rond\u00f4nia, menos que 20%, podendo atingir 15% ou at\u00e9 menos.<\/p>\n<p>PERSPECTIVA DE CHUVA S\u00d3 AP\u00d3S O DIA 8<br \/>\nNa pr\u00f3xima semana, uma forte onda de frio avan\u00e7ar\u00e1 pelo Brasil e dever\u00e1 chegar ao Acre, a Rond\u00f4nia e ao sul do Amazonas. Assim, \u00e9 poss\u00edvel que ocorram chuvas fortes, mas passageiras, em algumas \u00e1reas do Acre, do oeste de Rond\u00f4nia e do sul do Amazonas.<br \/>\nNo entanto, ap\u00f3s a passagem dessa onda de frio, que dever\u00e1 derrubar a temperatura noturna, os dias voltar\u00e3o a ficar extremamente secos e ensolarados, com altas temperaturas.<br \/>\nNeste m\u00eas de agosto, s\u00e3o esperadas pelo menos tr\u00eas penetra\u00e7\u00f5es de ar frio polar.<\/p>\n<p>INFORMA\u00c7\u00d5ES DI\u00c1RIAS E A QUALQUER MOMENTO<br \/>\nO Tempo Aqui est\u00e1 atento a todas as mudan\u00e7as meteorol\u00f3gicas e, neste m\u00eas de agosto de 2016, esperam-se muitos eventos atmosf\u00e9ricos, sendo que, alguns, poder\u00e3o causar impacto \u00e0 popula\u00e7\u00e3o.<br \/>\nPortanto, acompanhe nossas atualiza\u00e7\u00f5es di\u00e1rias e a qualquer momento para ficar bem informado e, assim, n\u00e3o ser surpreendido pelo tempo.<br \/>\nNossas informa\u00e7\u00f5es s\u00e3o especificas para o Acre, Rond\u00f4nia, Amazonas, Mato Grosso, Goi\u00e1s, Distrito Federal, Bol\u00edvia e Peru, mas publicamos para outras partes do Brasil, quando o fen\u00f4meno atmosf\u00e9rico for muito importante.<\/p>\n","protected":false},"excerpt":{"rendered":"<p>10h 15min MUITO SOL E CALOR, COM BAIXA UMIDADE, SEM CHUVAS Novos recordes de baixa umidade do ar e de temperaturas altas de 2016 dever\u00e3o ser registrados, nos pr\u00f3ximos dias, entre 3 e 8 de agosto, no Acre, em Rond\u00f4nia e no sul do Amazonas. N\u00e3o h\u00e1 possibilidade de chuvas significativas, pelo menos at\u00e9 a [&hellip;]<\/p>\n","protected":false},"author":2,"featured_media":0,"comment_status":"open","ping_status":"open","sticky":false,"template":"","format":"standard","meta":{"_jetpack_memberships_contains_paid_content":false,"footnotes":"","jetpack_publicize_message":"","jetpack_publicize_feature_enabled":true,"jetpack_social_post_already_shared":true,"jetpack_social_options":{"image_generator_settings":{"template":"highway","enabled":false},"version":2}},"categories":[1,193],"tags":[31,54,46,168,26,29,63],"class_list":["post-12110","post","type-post","status-publish","format-standard","hentry","category-geral","category-previsao-do-tempo","tag-baixa-umidade-do-ar","tag-calor-intenso","tag-previsao-do-tempo-para-os-proximos-dias","tag-previsao-para-a-semana","tag-previsao-para-os-proximos-dias","tag-recorde-de-calor","tag-tempo-bom"],"jetpack_publicize_connections":[],"jetpack_featured_media_url":"","jetpack_likes_enabled":true,"jetpack_sharing_enabled":true,"_links":{"self":[{"href":"https:\/\/otempoaqui.com.br\/index.php?rest_route=\/wp\/v2\/posts\/12110","targetHints":{"allow":["GET"]}}],"collection":[{"href":"https:\/\/otempoaqui.com.br\/index.php?rest_route=\/wp\/v2\/posts"}],"about":[{"href":"https:\/\/otempoaqui.com.br\/index.php?rest_route=\/wp\/v2\/types\/post"}],"author":[{"embeddable":true,"href":"https:\/\/otempoaqui.com.br\/index.php?rest_route=\/wp\/v2\/users\/2"}],"replies":[{"embeddable":true,"href":"https:\/\/otempoaqui.com.br\/index.php?rest_route=%2Fwp%2Fv2%2Fcomments&post=12110"}],"version-history":[{"count":0,"href":"https:\/\/otempoaqui.com.br\/index.php?rest_route=\/wp\/v2\/posts\/12110\/revisions"}],"wp:attachment":[{"href":"https:\/\/otempoaqui.com.br\/index.php?rest_route=%2Fwp%2Fv2%2Fmedia&parent=12110"}],"wp:term":[{"taxonomy":"category","embeddable":true,"href":"https:\/\/otempoaqui.com.br\/index.php?rest_route=%2Fwp%2Fv2%2Fcategories&post=12110"},{"taxonomy":"post_tag","embeddable":true,"href":"https:\/\/otempoaqui.com.br\/index.php?rest_route=%2Fwp%2Fv2%2Ftags&post=12110"}],"curies":[{"name":"wp","href":"https:\/\/api.w.org\/{rel}","templated":true}]}}