{"id":11977,"date":"2016-07-21T14:58:46","date_gmt":"2016-07-21T19:58:46","guid":{"rendered":"http:\/\/otempoaqui.com\/?p=11977"},"modified":"2016-07-21T14:58:46","modified_gmt":"2016-07-21T19:58:46","slug":"expoacre-2016-como-vai-ficar-o-tempo-entre-23-e-31-de-julho","status":"publish","type":"post","link":"https:\/\/otempoaqui.com.br\/?p=11977","title":{"rendered":"EXPOACRE 2016: Como vai ficar o tempo, entre 23 e 31 de julho?"},"content":{"rendered":"<p>11h 30min<\/p>\n<p>EXPOACRE 2016 E AS CONDI\u00c7\u00d5ES DO TEMPO<br \/>\nO Tempo Aqui n\u00e3o poderia deixar de contribuir com informa\u00e7\u00f5es sobre as condi\u00e7\u00f5es atmosf\u00e9ricas que dever\u00e3o estar presentes durante a semana da EXPOACRE, o maior evento do agroneg\u00f3cio acreano, que \u00e9 realizado anualmente na capital do estado.<br \/>\nSabendo como vai ficar o tempo meteorol\u00f3gico, voc\u00ea pode planejar melhor suas atividades e, assim, evitar preju\u00edzos ou transtornos, caso ocorram condi\u00e7\u00f5es de tempo indesej\u00e1veis para a ocasi\u00e3o. Ao mesmo tempo, poder\u00e1 otimizar atividades prop\u00edcias para cada fen\u00f4meno meteorol\u00f3gico presente, como frio, calor, chuva, baixa umidade e ventos fortes.<br \/>\nO Tempo Aqui publica hoje, a tend\u00eancia do tempo para o per\u00edodo entre 23 e 31 de julho de 2016, a semana da EXPOACRE.<br \/>\nNa pr\u00f3xima segunda-feira, dia 25, haver\u00e1 outra publica\u00e7\u00e3o, mais atualizada, para os dias restantes da exposi\u00e7\u00e3o.<br \/>\nNo entanto, as publica\u00e7\u00f5es di\u00e1rias e habituais da previs\u00e3o do tempo, continuar\u00e3o normalmente para o Acre, Rond\u00f4nia, Amazonas, Mato Grosso, Goi\u00e1s, Distrito Federal, Peru e Bol\u00edvia, com informa\u00e7\u00f5es mais precisas para cada dia.<br \/>\nO Tempo Aqui lembra que previs\u00e3o do tempo n\u00e3o \u00e9 certeza, mas uma orienta\u00e7\u00e3o do que mais provavelmente deve acontecer com o tempo, segundo as tend\u00eancias da atmosfera no momento da elabora\u00e7\u00e3o da previs\u00e3o. Se previs\u00e3o do tempo fosse certeza, n\u00e3o seria previs\u00e3o, mas calend\u00e1rio do tempo, tal qual as fases da Lua.<\/p>\n<p>SEMANA DE EXPOSI\u00c7\u00c3O TER\u00c1 AS QUATRO ESTA\u00c7\u00d5ES<br \/>\n\u00c9 isso mesmo! A semana da EXPOACRE 2016 ter\u00e1 as quatro esta\u00e7\u00f5es do ano: Muito calor, onda de frio, baixa umidade do ar, ventos fortes, noites quentes, noites frias e possibilidade de chuvas, n\u00e3o se descartando eventual temporal, com raios e ventanias.<\/p>\n<p>O TEMPO, EM RIO BRANCO, NA SEMANA DA EXPOACRE 2016<\/p>\n<p>A Lua estar\u00e1 na fase cheia, no in\u00edcio do evento, mas entrar\u00e1 em minguante, no dia 26, ter\u00e7a-feira, exatamente, \u00e0s 18 horas.<\/p>\n<p>O Sol vai nascer, \u00e0s 5h 47min, e se p\u00f4r, \u00e0s 17h 28min.<\/p>\n<p>De 23 a 26 de julho:<br \/>\n&#8211; dias ensolarados e muito quentes, com m\u00e1ximas, \u00e0 tarde, oscilando entre 32 e 35\u00baC;<br \/>\n&#8211; noites estreladas e agrad\u00e1veis, com m\u00ednimas, ao amanhecer, variando entre 18 e 21.<\/p>\n<p>Dias 26 e 27 de julho:<br \/>\n&#8211; possibilidade de chuvas passageiras, n\u00e3o se descartando eventual temporal, com raios e ventania, na parte da tarde ou durante a noite de 26 para 27;<br \/>\n&#8211; uma forte onda de frio chega no dia 27, quarta-feira, com muito vento, despencando a temperatura;<br \/>\n&#8211; ventos intensos, com rajadas, da dire\u00e7\u00e3o sudeste, estar\u00e3o soprando ininterruptamente, deixando o dia e a noite bastante ventilados.<\/p>\n<p>De 28 a 31 de julho;<br \/>\n&#8211; o dia 28 come\u00e7a frio, com temperatura prov\u00e1vel variando entre 12 e 15\u00baC, mas, durante a tarde, fica ameno;<br \/>\n&#8211; o calor diurno, com muito sol, e a baixa umidade do ar voltam a predominar, a partir do dia 29, at\u00e9 o final do evento, dia 31 de julho.<\/p>\n<p>RESUMO DO QUE DEVE ACONTECER COM O TEMPO<br \/>\nA semana da EXPOACRE 2016 ser\u00e1 predominantemente ensolarada, quente e muito seca, com umidade relativa do ar, durante a tarde, em geral, abaixo de 40%, podendo, em alguns dias, ficar pr\u00f3ximo de 25%.<br \/>\nA \u00fanica exce\u00e7\u00e3o ocorrer\u00e1 nos dias 26 e 27, ter\u00e7a-feira e quarta-feira, quando poder\u00e3o ocorrer chuvas e, eventualmente, raios e ventanias, devido \u00e0 chegada, na quarta-feira, de uma forte onda de frio, que vai fazer a temperatura cair bruscamente, mas que ter\u00e1 dura\u00e7\u00e3o de, no m\u00e1ximo, dois dias.<\/p>\n<p>ACOMPANHE NOSSAS ATUALIZA\u00c7\u00d5ES<br \/>\nO Tempo Aqui apresentou apenas a tend\u00eancia do tempo para a pr\u00f3xima semana, segundo a an\u00e1lise das condi\u00e7\u00f5es atmosf\u00e9ricas de hoje, dia 21 de julho.<br \/>\nAcompanhe nossas atualiza\u00e7\u00f5es para saber melhor sobre o tempo di\u00e1rio, pois poder\u00e3o ocorrer pequenas altera\u00e7\u00f5es.<\/p>\n","protected":false},"excerpt":{"rendered":"<p>11h 30min EXPOACRE 2016 E AS CONDI\u00c7\u00d5ES DO TEMPO O Tempo Aqui n\u00e3o poderia deixar de contribuir com informa\u00e7\u00f5es sobre as condi\u00e7\u00f5es atmosf\u00e9ricas que dever\u00e3o estar presentes durante a semana da EXPOACRE, o maior evento do agroneg\u00f3cio acreano, que \u00e9 realizado anualmente na capital do estado. Sabendo como vai ficar o tempo meteorol\u00f3gico, voc\u00ea pode [&hellip;]<\/p>\n","protected":false},"author":2,"featured_media":0,"comment_status":"open","ping_status":"open","sticky":false,"template":"","format":"standard","meta":{"_jetpack_memberships_contains_paid_content":false,"footnotes":"","jetpack_publicize_message":"","jetpack_publicize_feature_enabled":true,"jetpack_social_post_already_shared":true,"jetpack_social_options":{"image_generator_settings":{"template":"highway","enabled":false},"version":2}},"categories":[1,193],"tags":[46,168,26],"class_list":["post-11977","post","type-post","status-publish","format-standard","hentry","category-geral","category-previsao-do-tempo","tag-previsao-do-tempo-para-os-proximos-dias","tag-previsao-para-a-semana","tag-previsao-para-os-proximos-dias"],"jetpack_publicize_connections":[],"jetpack_featured_media_url":"","jetpack_likes_enabled":true,"jetpack_sharing_enabled":true,"_links":{"self":[{"href":"https:\/\/otempoaqui.com.br\/index.php?rest_route=\/wp\/v2\/posts\/11977","targetHints":{"allow":["GET"]}}],"collection":[{"href":"https:\/\/otempoaqui.com.br\/index.php?rest_route=\/wp\/v2\/posts"}],"about":[{"href":"https:\/\/otempoaqui.com.br\/index.php?rest_route=\/wp\/v2\/types\/post"}],"author":[{"embeddable":true,"href":"https:\/\/otempoaqui.com.br\/index.php?rest_route=\/wp\/v2\/users\/2"}],"replies":[{"embeddable":true,"href":"https:\/\/otempoaqui.com.br\/index.php?rest_route=%2Fwp%2Fv2%2Fcomments&post=11977"}],"version-history":[{"count":0,"href":"https:\/\/otempoaqui.com.br\/index.php?rest_route=\/wp\/v2\/posts\/11977\/revisions"}],"wp:attachment":[{"href":"https:\/\/otempoaqui.com.br\/index.php?rest_route=%2Fwp%2Fv2%2Fmedia&parent=11977"}],"wp:term":[{"taxonomy":"category","embeddable":true,"href":"https:\/\/otempoaqui.com.br\/index.php?rest_route=%2Fwp%2Fv2%2Fcategories&post=11977"},{"taxonomy":"post_tag","embeddable":true,"href":"https:\/\/otempoaqui.com.br\/index.php?rest_route=%2Fwp%2Fv2%2Ftags&post=11977"}],"curies":[{"name":"wp","href":"https:\/\/api.w.org\/{rel}","templated":true}]}}