{"id":11966,"date":"2016-07-20T17:21:05","date_gmt":"2016-07-20T22:21:05","guid":{"rendered":"http:\/\/otempoaqui.com\/?p=11966"},"modified":"2016-07-20T17:30:55","modified_gmt":"2016-07-20T22:30:55","slug":"semana-da-expoacre-e-o-tempo-muito-sol-e-calor-possibilidade-de-chuva-e-nova-onda-de-frio-saiba-o-que-vai-acontecer","status":"publish","type":"post","link":"https:\/\/otempoaqui.com.br\/?p=11966","title":{"rendered":"Semana da EXPOACRE 2016 e o tempo: Muito sol e calor, possibilidade de chuva e nova onda de frio. Saiba o que deve acontecer."},"content":{"rendered":"<p>15h 45min<\/p>\n<p>O TEMPO NA SEMANA DA EXPOACRE 2016<br \/>\nComo sempre tem feito, O Tempo Aqui, neste ano de 2016, n\u00e3o poderia de informar as condi\u00e7\u00f5es do tempo na semana da EXPOACRE, o maior evento agropecu\u00e1rio e de neg\u00f3cios realizado na capital do Acre.<br \/>\nSabendo como vai ficar o tempo, voc\u00ea poder\u00e1 planejar melhor suas atividades nesses dias de exposi\u00e7\u00e3o em Rio Branco e, assim, evitar desperd\u00edcios de tempo e de dinheiro e se prevenir contra eventuais preju\u00edzos decorrentes das condi\u00e7\u00f5es atmosf\u00e9ricas indesej\u00e1veis para a ocasi\u00e3o.<br \/>\nAl\u00e9m das previs\u00f5es habituais e di\u00e1rias para todo o Acre e outras regi\u00f5es, o nosso site estar\u00e1 dando informa\u00e7\u00f5es espec\u00edficas sobre a tend\u00eancia do tempo para Rio Branco nesses dias de festa.<br \/>\nNesta quinta-feira, dia 21, O Tempo Aqui publicar\u00e1 a tend\u00eancia do tempo para o per\u00edodo de 23 a 31 de julho de 2016, a semana da EXPOACRE.<br \/>\nNa pr\u00f3xima segunda-feira, dia 25, haver\u00e1 outra publica\u00e7\u00e3o especial, atualizada, para os dias restantes do evento.<\/p>\n<p>TEMPO SER\u00c1 COM MUITO SOL E CALOR E NOVA ONDA DE FRIO<br \/>\nAntecipando um pouquinho, O Tempo Aqui avisa que a semana da EXPOACRE ter\u00e1 muito sol e calor, baix\u00edssima umidade do ar, possibilidade de chuva r\u00e1pida e, tamb\u00e9m, nova onda de frio, que poder\u00e1 despencar a temperatura. Tudo isso numa semana s\u00f3! Aguarde, por\u00e9m, nossas atualiza\u00e7\u00f5es para confirmar esses eventos atmosf\u00e9ricos, que ser\u00e3o quase certos, bem como os dias em que ocorrer\u00e3o.<br \/>\nAmanh\u00e3, nosso site vai trazer as primeiras informa\u00e7\u00f5es, com mais precis\u00e3o, sobre a tend\u00eancia do tempo na semana da EXPOACRE.<br \/>\n\u00c9 importante saber que previs\u00e3o do tempo mostra a tend\u00eancia, ou seja, aquilo que \u00e9 mais prov\u00e1vel acontecer com o tempo, jamais a certeza. Se a previs\u00e3o fosse certa, n\u00e3o seria previs\u00e3o, mas calend\u00e1rio de eventos meteorol\u00f3gicos.<\/p>\n","protected":false},"excerpt":{"rendered":"<p>15h 45min O TEMPO NA SEMANA DA EXPOACRE 2016 Como sempre tem feito, O Tempo Aqui, neste ano de 2016, n\u00e3o poderia de informar as condi\u00e7\u00f5es do tempo na semana da EXPOACRE, o maior evento agropecu\u00e1rio e de neg\u00f3cios realizado na capital do Acre. Sabendo como vai ficar o tempo, voc\u00ea poder\u00e1 planejar melhor suas [&hellip;]<\/p>\n","protected":false},"author":2,"featured_media":0,"comment_status":"open","ping_status":"open","sticky":false,"template":"","format":"standard","meta":{"_jetpack_memberships_contains_paid_content":false,"footnotes":"","jetpack_publicize_message":"","jetpack_publicize_feature_enabled":true,"jetpack_social_post_already_shared":true,"jetpack_social_options":{"image_generator_settings":{"template":"highway","enabled":false},"version":2}},"categories":[1,193],"tags":[54,180,30,46,168,26],"class_list":["post-11966","post","type-post","status-publish","format-standard","hentry","category-geral","category-previsao-do-tempo","tag-calor-intenso","tag-friagem","tag-frio-no-acre","tag-previsao-do-tempo-para-os-proximos-dias","tag-previsao-para-a-semana","tag-previsao-para-os-proximos-dias"],"jetpack_publicize_connections":[],"jetpack_featured_media_url":"","jetpack_likes_enabled":true,"jetpack_sharing_enabled":true,"_links":{"self":[{"href":"https:\/\/otempoaqui.com.br\/index.php?rest_route=\/wp\/v2\/posts\/11966","targetHints":{"allow":["GET"]}}],"collection":[{"href":"https:\/\/otempoaqui.com.br\/index.php?rest_route=\/wp\/v2\/posts"}],"about":[{"href":"https:\/\/otempoaqui.com.br\/index.php?rest_route=\/wp\/v2\/types\/post"}],"author":[{"embeddable":true,"href":"https:\/\/otempoaqui.com.br\/index.php?rest_route=\/wp\/v2\/users\/2"}],"replies":[{"embeddable":true,"href":"https:\/\/otempoaqui.com.br\/index.php?rest_route=%2Fwp%2Fv2%2Fcomments&post=11966"}],"version-history":[{"count":0,"href":"https:\/\/otempoaqui.com.br\/index.php?rest_route=\/wp\/v2\/posts\/11966\/revisions"}],"wp:attachment":[{"href":"https:\/\/otempoaqui.com.br\/index.php?rest_route=%2Fwp%2Fv2%2Fmedia&parent=11966"}],"wp:term":[{"taxonomy":"category","embeddable":true,"href":"https:\/\/otempoaqui.com.br\/index.php?rest_route=%2Fwp%2Fv2%2Fcategories&post=11966"},{"taxonomy":"post_tag","embeddable":true,"href":"https:\/\/otempoaqui.com.br\/index.php?rest_route=%2Fwp%2Fv2%2Ftags&post=11966"}],"curies":[{"name":"wp","href":"https:\/\/api.w.org\/{rel}","templated":true}]}}