{"id":11946,"date":"2016-07-19T15:48:38","date_gmt":"2016-07-19T20:48:38","guid":{"rendered":"http:\/\/otempoaqui.com\/?p=11946"},"modified":"2016-07-19T16:39:29","modified_gmt":"2016-07-19T21:39:29","slug":"noites-esfriam-ainda-mais-e-os-dias-serao-muito-secos-e-ensolarados-durante-esta-semana","status":"publish","type":"post","link":"https:\/\/otempoaqui.com.br\/?p=11946","title":{"rendered":"Noites ter\u00e3o temperatura ainda mais baixa e os dias continuar\u00e3o muito secos e ensolarados durante esta semana"},"content":{"rendered":"<p>11h 50min<\/p>\n<p>MASSA DE AR POLAR DERRUBOU A TEMPERATURA<br \/>\nExatamente como previsto e anunciado por O Tempo Aqui, uma intensa massa de ar frio, de origem polar, que chegou, com muito vento, na noite do \u00faltimo s\u00e1bado, 16 de julho, despencou a temperatura no leste e sul do Acre, no sul e oeste de Rond\u00f4nia, na regi\u00e3o do Pantanal de Mato Grosso e no sul e sudoeste de Goi\u00e1s. Como anunciado, foi uma intensa onda de frio e n\u00e3o uma friagem t\u00edpica da Amaz\u00f4nia ocidental.<br \/>\nAs temperaturas m\u00ednimas registradas, no domingo e na segunda-feira, foram 12,7\u00baC, no Acre, 13,1\u00baC, em Rond\u00f4nia, 5,3\u00baC, em Mato Grosso, e entre 2 e 6\u00baC, em v\u00e1rias cidades do sul e sudoeste de Goi\u00e1s. Foram os menores registros de 2016, at\u00e9 o momento, em Goi\u00e1s e em Mato Grosso, e os segundos menores, no Acre e em Rond\u00f4nia.<\/p>\n<p>FRIO NOTURNO AUMENTA NOS PR\u00d3XIMOS DIAS<br \/>\nO ar frio polar continua penetrando e, nos pr\u00f3ximos dias, at\u00e9 s\u00e1bado, dia 23 de julho, as noites ficar\u00e3o ainda mais frias, com possibilidade de recordes de temperatura baixa de 2016, no Acre e em Rond\u00f4nia.<\/p>\n<p>UMIDADE DO AR ATINGIR\u00c1 VALORES CR\u00cdTICOS<br \/>\nA umidade do ar vai baixar ainda mais, durante esta semana, e poder\u00e1 atingir valores cr\u00edticos, no Acre e em Rond\u00f4nia, com m\u00ednimas que dever\u00e3o oscilar, na parte da tarde, entre 20 e 30%. Em alguns pontos, poder\u00e3o ocorrer valores abaixo de 20%.<br \/>\nEm Mato Grosso, em Goi\u00e1s e no Distrito Federal, a umidade cai ainda mais e fica abaixo de 15%, em algumas cidades. Com essas condi\u00e7\u00f5es atmosf\u00e9ricas, n\u00e3o h\u00e1 a menor possibilidade de ocorr\u00eancia de chuvas.<\/p>\n<p>ONDA DE FRIO N\u00c3O \u00c9 FRIAGEM<br \/>\nO Tempo Aqui n\u00e3o anunciou que chegaria, na noite do \u00faltimo s\u00e1bado, uma friagem no Acre e em Rond\u00f4nia, mas uma intensa onda de frio, seguida de uma massa de ar polar.<br \/>\nA diferen\u00e7a \u00e9 que friagem, tal como \u00e9 conhecido na regi\u00e3o, \u00e9 um fen\u00f4meno caracterizado pela queda brusca da temperatura, com o c\u00e9u encoberto durante o dia, n\u00e3o permitindo o Sol aparecer.<br \/>\nToda friagem \u00e9 uma onda de frio, por\u00e9m nem toda onda de frio caracteriza uma friagem.<br \/>\nQuando a massa de ar frio, de origem polar, n\u00e3o encontra umidade suficiente para formar nuvens baixas, o c\u00e9u fica limpo e o Sol aparece com mais for\u00e7a. As noites, por\u00e9m esfriam brusca e acentuadamente e os dias come\u00e7am com temperaturas baixas, por\u00e9m, durante o dia, sobem, devido \u00e0 radia\u00e7\u00e3o solar e \u00e0 baixa umidade do ar.<br \/>\nA maioria das pessoas acorda ap\u00f3s o Sol nascer. Quando essas pessoas se deslocam para suas atividades di\u00e1rias, a temperatura j\u00e1 est\u00e1 mais alta. Assim, n\u00e3o percebem que o frio intenso chegou e costumam dizer que a friagem n\u00e3o veio. \u00c9 verdade, a friagem n\u00e3o veio, mas a onda de frio veio, sim, e muito forte.<br \/>\nPortanto, a massa de ar frio polar avan\u00e7a e chega, com muito sol ou com o c\u00e9u encoberto, com chuva ou sem chuva, quer chamem ou n\u00e3o de friagem.<\/p>\n","protected":false},"excerpt":{"rendered":"<p>11h 50min MASSA DE AR POLAR DERRUBOU A TEMPERATURA Exatamente como previsto e anunciado por O Tempo Aqui, uma intensa massa de ar frio, de origem polar, que chegou, com muito vento, na noite do \u00faltimo s\u00e1bado, 16 de julho, despencou a temperatura no leste e sul do Acre, no sul e oeste de Rond\u00f4nia, [&hellip;]<\/p>\n","protected":false},"author":2,"featured_media":0,"comment_status":"open","ping_status":"open","sticky":false,"template":"","format":"standard","meta":{"_jetpack_memberships_contains_paid_content":false,"footnotes":"","jetpack_publicize_message":"","jetpack_publicize_feature_enabled":true,"jetpack_social_post_already_shared":true,"jetpack_social_options":{"image_generator_settings":{"template":"highway","enabled":false},"version":2}},"categories":[1,193],"tags":[46,168,26],"class_list":["post-11946","post","type-post","status-publish","format-standard","hentry","category-geral","category-previsao-do-tempo","tag-previsao-do-tempo-para-os-proximos-dias","tag-previsao-para-a-semana","tag-previsao-para-os-proximos-dias"],"jetpack_publicize_connections":[],"jetpack_featured_media_url":"","jetpack_likes_enabled":true,"jetpack_sharing_enabled":true,"_links":{"self":[{"href":"https:\/\/otempoaqui.com.br\/index.php?rest_route=\/wp\/v2\/posts\/11946","targetHints":{"allow":["GET"]}}],"collection":[{"href":"https:\/\/otempoaqui.com.br\/index.php?rest_route=\/wp\/v2\/posts"}],"about":[{"href":"https:\/\/otempoaqui.com.br\/index.php?rest_route=\/wp\/v2\/types\/post"}],"author":[{"embeddable":true,"href":"https:\/\/otempoaqui.com.br\/index.php?rest_route=\/wp\/v2\/users\/2"}],"replies":[{"embeddable":true,"href":"https:\/\/otempoaqui.com.br\/index.php?rest_route=%2Fwp%2Fv2%2Fcomments&post=11946"}],"version-history":[{"count":0,"href":"https:\/\/otempoaqui.com.br\/index.php?rest_route=\/wp\/v2\/posts\/11946\/revisions"}],"wp:attachment":[{"href":"https:\/\/otempoaqui.com.br\/index.php?rest_route=%2Fwp%2Fv2%2Fmedia&parent=11946"}],"wp:term":[{"taxonomy":"category","embeddable":true,"href":"https:\/\/otempoaqui.com.br\/index.php?rest_route=%2Fwp%2Fv2%2Fcategories&post=11946"},{"taxonomy":"post_tag","embeddable":true,"href":"https:\/\/otempoaqui.com.br\/index.php?rest_route=%2Fwp%2Fv2%2Ftags&post=11946"}],"curies":[{"name":"wp","href":"https:\/\/api.w.org\/{rel}","templated":true}]}}