{"id":1165,"date":"2013-11-02T21:29:34","date_gmt":"2013-11-02T21:29:34","guid":{"rendered":"http:\/\/otempoaqui.com\/?p=1165"},"modified":"2013-11-02T21:29:34","modified_gmt":"2013-11-02T21:29:34","slug":"alerta-de-temporais-frente-fria-de-fraca-intensidade-chega-neste-domingo-e-causa-temporais-em-varios-pontos-do-acre","status":"publish","type":"post","link":"https:\/\/otempoaqui.com.br\/?p=1165","title":{"rendered":"ALERTA DE TEMPORAIS: Frente fria de fraca intensidade chega neste domingo e causa temporais, em v\u00e1rios pontos do Acre."},"content":{"rendered":"<p>17h 10min<\/p>\n<p>     As condi\u00e7\u00f5es atmosf\u00e9ricas estar\u00e3o altamente favor\u00e1veis \u00e0 ocorr\u00eancia de chuvas intensas, com raios, ventos fortes e, eventual, queda de granizo, em Rio Branco e, na maior parte do Acre, durante este domingo, dia 3.<br \/>\n     A causa \u00e9 a chegada de uma frente fria de fraca intensidade e o ar extremamente \u00famido que est\u00e1 sobre a regi\u00e3o. O choque dessas duas massas de ar provoca instabilidades generalizadas na atmosfera.<br \/>\n     Os ventos mudam de dire\u00e7\u00e3o e passam a soprar de sudeste, com intensidade fraca, inicialmente, mas que ficar\u00e1 mais forte, na segunda-feira. No entanto, ocorrer\u00e3o fortes rajadas, quando da chegada da frente fria, no domingo.<br \/>\n     Essa frente fria n\u00e3o provocar\u00e1 o fen\u00f4meno da friagem, mas as temperaturas m\u00ednimas, durante a noite, ter\u00e3o um decl\u00ednio leve, nas regi\u00f5es de Rio Branco, Brasileia e Sena Madureira. Ao amanhecer de segunda-feira at\u00e9 quarta-feira, os term\u00f4metros estar\u00e3o marcando entre 16 e 18\u00baC, nesses munic\u00edpios. Durante o dia, o calor ir\u00e1 diminuir um pouco.<br \/>\n     A umidade do ar ir\u00e1 diminuir bastante, a partir de segunda-feira. Assim, as chuvas cessar\u00e3o e os dias estar\u00e1 ensolarados, at\u00e9 quinta-feira, dia 7, em Rio Branco e na maior parte do Acre. Na segunda-feira, ainda, dever\u00e1 chover, em Cruzeiro do Sul e proximidades.<br \/>\n     Acompanhe nossas atualiza\u00e7\u00f5es, pois quaisquer altera\u00e7\u00f5es no comportamento da atmosfera ser\u00e3o imediatamente anunciadas.<\/p>\n","protected":false},"excerpt":{"rendered":"<p>17h 10min As condi\u00e7\u00f5es atmosf\u00e9ricas estar\u00e3o altamente favor\u00e1veis \u00e0 ocorr\u00eancia de chuvas intensas, com raios, ventos fortes e, eventual, queda de granizo, em Rio Branco e, na maior parte do Acre, durante este domingo, dia 3. A causa \u00e9 a chegada de uma frente fria de fraca intensidade e o ar extremamente \u00famido que est\u00e1 [&hellip;]<\/p>\n","protected":false},"author":2,"featured_media":0,"comment_status":"open","ping_status":"open","sticky":false,"template":"","format":"standard","meta":{"_jetpack_memberships_contains_paid_content":false,"footnotes":"","jetpack_publicize_message":"","jetpack_publicize_feature_enabled":true,"jetpack_social_post_already_shared":true,"jetpack_social_options":{"image_generator_settings":{"template":"highway","enabled":false},"version":2}},"categories":[1],"tags":[37,35,38],"class_list":["post-1165","post","type-post","status-publish","format-standard","hentry","category-geral","tag-raios","tag-temporais","tag-ventanias"],"jetpack_publicize_connections":[],"jetpack_featured_media_url":"","jetpack_likes_enabled":true,"jetpack_sharing_enabled":true,"_links":{"self":[{"href":"https:\/\/otempoaqui.com.br\/index.php?rest_route=\/wp\/v2\/posts\/1165","targetHints":{"allow":["GET"]}}],"collection":[{"href":"https:\/\/otempoaqui.com.br\/index.php?rest_route=\/wp\/v2\/posts"}],"about":[{"href":"https:\/\/otempoaqui.com.br\/index.php?rest_route=\/wp\/v2\/types\/post"}],"author":[{"embeddable":true,"href":"https:\/\/otempoaqui.com.br\/index.php?rest_route=\/wp\/v2\/users\/2"}],"replies":[{"embeddable":true,"href":"https:\/\/otempoaqui.com.br\/index.php?rest_route=%2Fwp%2Fv2%2Fcomments&post=1165"}],"version-history":[{"count":0,"href":"https:\/\/otempoaqui.com.br\/index.php?rest_route=\/wp\/v2\/posts\/1165\/revisions"}],"wp:attachment":[{"href":"https:\/\/otempoaqui.com.br\/index.php?rest_route=%2Fwp%2Fv2%2Fmedia&parent=1165"}],"wp:term":[{"taxonomy":"category","embeddable":true,"href":"https:\/\/otempoaqui.com.br\/index.php?rest_route=%2Fwp%2Fv2%2Fcategories&post=1165"},{"taxonomy":"post_tag","embeddable":true,"href":"https:\/\/otempoaqui.com.br\/index.php?rest_route=%2Fwp%2Fv2%2Ftags&post=1165"}],"curies":[{"name":"wp","href":"https:\/\/api.w.org\/{rel}","templated":true}]}}