{"id":1148,"date":"2013-11-01T14:12:11","date_gmt":"2013-11-01T14:12:11","guid":{"rendered":"http:\/\/otempoaqui.com\/?p=1148"},"modified":"2013-11-01T14:12:11","modified_gmt":"2013-11-01T14:12:11","slug":"temporais-causaram-estragos-em-varios-municipios-do-acre-nesta-quinta-feira-ventos-com-velocidade-superior-a-50kmh-deixaram-casas-totalmente-destelhadas","status":"publish","type":"post","link":"https:\/\/otempoaqui.com.br\/?p=1148","title":{"rendered":"Temporais causaram estragos, em v\u00e1rios munic\u00edpios do Acre, nesta quinta-feira. Ventos com velocidade superior a 50km\/h deixaram casas totalmente destelhadas."},"content":{"rendered":"<p> 9h 50min<\/p>\n<p>     A quinta-feira, \u00faltimo dia de outubro, foi marcada por violentos temporais, com chuvas intensas, muitos raios, queda de granizo e ventanias que superaram a velocidade de 50km\/h, em in\u00fameros munic\u00edpios do Acre.<br \/>\n     Em Porto Acre, segundo relatos de moradores da AC-10 e de ramais adjacentes, in\u00fameras resid\u00eancias foram totalmente destelhadas, tal a intensidade da tempestade que atingiu, na parte da tarde, aquele munic\u00edpio.<br \/>\n     Ainda, pela manh\u00e3, Feij\u00f3 sofreu, tamb\u00e9m, muitos estragos, devido ao temporal que atingiu a cidade.<br \/>\n     Chuvas torrenciais, com temporais, atingiram, tamb\u00e9m, os munic\u00edpios de Porto Walter, pelo segundo dia consecutivo, Santa Rosa do Purus, Sena Madureira, Tarauac\u00e1, Assis Brasil e a BR-317, principalmente, o trecho entre Capixaba e Epitaciol\u00e2ndia.<br \/>\n     As condi\u00e7\u00f5es atmosf\u00e9ricas v\u00e3o continuar favor\u00e1veis, at\u00e9 o pr\u00f3ximo domingo, 3, \u00e0 ocorr\u00eancia de muita chuva, em todo o Acre e regi\u00f5es pr\u00f3ximas.<\/p>\n","protected":false},"excerpt":{"rendered":"<p>9h 50min A quinta-feira, \u00faltimo dia de outubro, foi marcada por violentos temporais, com chuvas intensas, muitos raios, queda de granizo e ventanias que superaram a velocidade de 50km\/h, em in\u00fameros munic\u00edpios do Acre. Em Porto Acre, segundo relatos de moradores da AC-10 e de ramais adjacentes, in\u00fameras resid\u00eancias foram totalmente destelhadas, tal a intensidade [&hellip;]<\/p>\n","protected":false},"author":2,"featured_media":0,"comment_status":"open","ping_status":"open","sticky":false,"template":"","format":"standard","meta":{"_jetpack_memberships_contains_paid_content":false,"footnotes":"","jetpack_publicize_message":"","jetpack_publicize_feature_enabled":true,"jetpack_social_post_already_shared":true,"jetpack_social_options":{"image_generator_settings":{"template":"highway","enabled":false},"version":2}},"categories":[1],"tags":[37,35,45],"class_list":["post-1148","post","type-post","status-publish","format-standard","hentry","category-geral","tag-raios","tag-temporais","tag-ventania"],"jetpack_publicize_connections":[],"jetpack_featured_media_url":"","jetpack_likes_enabled":true,"jetpack_sharing_enabled":true,"_links":{"self":[{"href":"https:\/\/otempoaqui.com.br\/index.php?rest_route=\/wp\/v2\/posts\/1148","targetHints":{"allow":["GET"]}}],"collection":[{"href":"https:\/\/otempoaqui.com.br\/index.php?rest_route=\/wp\/v2\/posts"}],"about":[{"href":"https:\/\/otempoaqui.com.br\/index.php?rest_route=\/wp\/v2\/types\/post"}],"author":[{"embeddable":true,"href":"https:\/\/otempoaqui.com.br\/index.php?rest_route=\/wp\/v2\/users\/2"}],"replies":[{"embeddable":true,"href":"https:\/\/otempoaqui.com.br\/index.php?rest_route=%2Fwp%2Fv2%2Fcomments&post=1148"}],"version-history":[{"count":0,"href":"https:\/\/otempoaqui.com.br\/index.php?rest_route=\/wp\/v2\/posts\/1148\/revisions"}],"wp:attachment":[{"href":"https:\/\/otempoaqui.com.br\/index.php?rest_route=%2Fwp%2Fv2%2Fmedia&parent=1148"}],"wp:term":[{"taxonomy":"category","embeddable":true,"href":"https:\/\/otempoaqui.com.br\/index.php?rest_route=%2Fwp%2Fv2%2Fcategories&post=1148"},{"taxonomy":"post_tag","embeddable":true,"href":"https:\/\/otempoaqui.com.br\/index.php?rest_route=%2Fwp%2Fv2%2Ftags&post=1148"}],"curies":[{"name":"wp","href":"https:\/\/api.w.org\/{rel}","templated":true}]}}