{"id":1135,"date":"2013-10-31T18:40:44","date_gmt":"2013-10-31T18:40:44","guid":{"rendered":"http:\/\/otempoaqui.com\/?p=1135"},"modified":"2013-10-31T18:43:20","modified_gmt":"2013-10-31T18:43:20","slug":"imensa-camada-de-nuvens-cobrira-totalmente-o-ceu-de-todo-o-acre-na-tarde-desta-quinta-feira-chuvas-volumosas-com-alta-probabilidade-de-temporais-ocorrerao-em-rio-branco-e-na-maior-parte-do-acre","status":"publish","type":"post","link":"https:\/\/otempoaqui.com.br\/?p=1135","title":{"rendered":"Imensa camada de nuvens cobrir\u00e1 totalmente o c\u00e9u de todo o Acre, na tarde desta quinta-feira. Chuvas volumosas, com alta probabilidade de temporais, ocorrer\u00e3o, em Rio Branco e na maior parte do Acre."},"content":{"rendered":"<p>13h 10min<\/p>\n<p><a href=\"http:\/\/otempoaqui.com.br\/noticia-destaque\/imensa-camada-de-nuvens-cobrira-totalmente-o-ceu-de-todo-o-acre-na-tarde-desta-quinta-feira-chuvas-volumosas-com-alta-probabilidade-de-temporais-ocorrerao-em-rio-branco-e-na-maior-parte-do-acre\"><img data-recalc-dims=\"1\" decoding=\"async\" title=\"Imensa camada de nuvens cobrir\u00e1 totalmente o c\u00e9u de todo o Acre, na tarde desta quinta-feira. Chuvas volumosas, com alta probabilidade de temporais, ocorrer\u00e3o, em Rio Branco e na maior parte do Acre.\" alt=\"Imensa camada de nuvens cobrir\u00e1 totalmente o c\u00e9u de todo o Acre, na tarde desta quinta-feira. Chuvas volumosas, com alta probabilidade de temporais, ocorrer\u00e3o, em Rio Branco e na maior parte do Acre.\" src=\"https:\/\/i0.wp.com\/otempoaqui.com.br\/noticias\/noticias_31102013163258.jpg\" border=\"0\" \/><\/a><\/p>\n<p>O elevado teor de umidade do ar proporciona a forma\u00e7\u00e3o de densas nuvens, em todo o Acre.<br \/>\nNa tarde desta quinta-feira, 31, nuvens carregadas tomar\u00e3o conta de Rio Branco e de todos os demais municipios do Acre. Uma espessa camada de nuvens cobrir\u00e1 totalmente o c\u00e9u do estado e chuvas volumosas, com alta probabilidade de temporais generalizados, ocorrer\u00e3o na maioria dos munic\u00edpios, desde o Juru\u00e1 at\u00e9 as divisas com Rond\u00f4nia, com a Bol\u00edvia e com o Peru.<br \/>\nA exemplo do que j\u00e1 ocorreu, pela manh\u00e3, em Tarauac\u00e1 e em Feij\u00f3, e, ontem, em Capixaba e em Porto Walter, poder\u00e3o ocorrer s\u00e9rios transtornos \u00e0 popula\u00e7\u00e3o das \u00e1reas atingidas pelo tempo severo, durante a tarde ou noite desta quinta-feira.<br \/>\nA causa \u00e9 a alta umidade do ar, vindo do oceano Atl\u00e2ntico, e o calor provocado pela alta radia\u00e7\u00e3o solar, como consequ\u00eancia da aproxima\u00e7\u00e3o do ver\u00e3o, quando o Sol atinge mais intensamente a superf\u00edcie da Am\u00e9rica do Sul. Assim, somado a elevada transpira\u00e7\u00e3o da floresta, formam-se nuvens extremamente carregadas e tempestuosas, com tamanhos de centenas de quil\u00f4metros.<br \/>\nN\u00e3o \u00e9 s\u00f3 o Acre que ter\u00e1 chuvas abundantes e temporais, mas, tamb\u00e9m, Rond\u00f4nia, Amazonas, Mato Grosso, Goi\u00e1s, Distrito Federal, Peru e Bol\u00edvia.<br \/>\nO Tempo Aqui acompanha, durante 24 horas, o desenvolvimento e o movimento dessas enormes massas de ar e informa a aproxima\u00e7\u00e3o de poss\u00edveis temporais.<\/p>\n","protected":false},"excerpt":{"rendered":"<p>13h 10min O elevado teor de umidade do ar proporciona a forma\u00e7\u00e3o de densas nuvens, em todo o Acre. Na tarde desta quinta-feira, 31, nuvens carregadas tomar\u00e3o conta de Rio Branco e de todos os demais municipios do Acre. Uma espessa camada de nuvens cobrir\u00e1 totalmente o c\u00e9u do estado e chuvas volumosas, com alta [&hellip;]<\/p>\n","protected":false},"author":2,"featured_media":0,"comment_status":"open","ping_status":"open","sticky":false,"template":"","format":"standard","meta":{"_jetpack_memberships_contains_paid_content":false,"footnotes":"","jetpack_publicize_message":"","jetpack_publicize_feature_enabled":true,"jetpack_social_post_already_shared":true,"jetpack_social_options":{"image_generator_settings":{"template":"highway","enabled":false},"version":2}},"categories":[1],"tags":[37,35,45],"class_list":["post-1135","post","type-post","status-publish","format-standard","hentry","category-geral","tag-raios","tag-temporais","tag-ventania"],"jetpack_publicize_connections":[],"jetpack_featured_media_url":"","jetpack_likes_enabled":true,"jetpack_sharing_enabled":true,"_links":{"self":[{"href":"https:\/\/otempoaqui.com.br\/index.php?rest_route=\/wp\/v2\/posts\/1135","targetHints":{"allow":["GET"]}}],"collection":[{"href":"https:\/\/otempoaqui.com.br\/index.php?rest_route=\/wp\/v2\/posts"}],"about":[{"href":"https:\/\/otempoaqui.com.br\/index.php?rest_route=\/wp\/v2\/types\/post"}],"author":[{"embeddable":true,"href":"https:\/\/otempoaqui.com.br\/index.php?rest_route=\/wp\/v2\/users\/2"}],"replies":[{"embeddable":true,"href":"https:\/\/otempoaqui.com.br\/index.php?rest_route=%2Fwp%2Fv2%2Fcomments&post=1135"}],"version-history":[{"count":0,"href":"https:\/\/otempoaqui.com.br\/index.php?rest_route=\/wp\/v2\/posts\/1135\/revisions"}],"wp:attachment":[{"href":"https:\/\/otempoaqui.com.br\/index.php?rest_route=%2Fwp%2Fv2%2Fmedia&parent=1135"}],"wp:term":[{"taxonomy":"category","embeddable":true,"href":"https:\/\/otempoaqui.com.br\/index.php?rest_route=%2Fwp%2Fv2%2Fcategories&post=1135"},{"taxonomy":"post_tag","embeddable":true,"href":"https:\/\/otempoaqui.com.br\/index.php?rest_route=%2Fwp%2Fv2%2Ftags&post=1135"}],"curies":[{"name":"wp","href":"https:\/\/api.w.org\/{rel}","templated":true}]}}