{"id":1131,"date":"2013-10-31T15:01:43","date_gmt":"2013-10-31T15:01:43","guid":{"rendered":"http:\/\/otempoaqui.com\/?p=1131"},"modified":"2013-10-31T20:42:24","modified_gmt":"2013-10-31T20:42:24","slug":"tarauaca-e-feijo-sao-atingidos-por-forte-temporal-na-manha-desta-quinta-feira-chuvas-fortes-raios-e-queda-de-granizo-cusaram-susto-a-populacao","status":"publish","type":"post","link":"https:\/\/otempoaqui.com.br\/?p=1131","title":{"rendered":"Tarauac\u00e1 e Feij\u00f3 s\u00e3o atingidos por forte temporal, na manh\u00e3 desta quinta-feira. Chuvas fortes, raios e queda de granizo causaram susto \u00e0 popula\u00e7\u00e3o."},"content":{"rendered":"<p>10h 50min<\/p>\n<p>Mais um forte temporal atingiu parte do Acre. Desta vez, foram os munic\u00edpios de Tarauac\u00e1 e Fe\u00edj\u00f3, que na manh\u00e3 desta quinta-feira, 31, foram tomados por chuvas fortes, queda de granizo, raios e ventanias, em v\u00e1rios pontos, causando susto \u00e0 popula\u00e7\u00e3o.<br \/>\nConforme os registros meteorol\u00f3gicos e os relatos de pessoas que entraram em contato com o nosso portal, houve, em alguns pontos, danos e muitos preju\u00edzos \u00e0 popula\u00e7\u00e3o desses munic\u00edpios.<br \/>\nEsses fen\u00f4menos adversos foram previstos e anunciados, pois s\u00e3o causados pela elevada umidade do ar, vindo do oceano Atl\u00e2ntico, associada \u00e0 evapotranspira\u00e7\u00e3o da floresta devido \u00e0 intensifica\u00e7\u00e3o dos raios solares sobre a superf\u00edcie da Am\u00e9rica do Sul, elevando a temperatura do ar, uma vez que se aproxima o ver\u00e3o.<br \/>\nO tempo severo vai continuar nos pr\u00f3ximos dias, pelo menos, at\u00e9 o domingo. Chuvas intensas, acompanhadas de temporais, v\u00e3o continuar atingindo o Acre, Rond\u00f4nia, Amazonas, Mato Grosso, Goi\u00e1s, Bolivia e o Peru.<br \/>\nAcompanhe nossas atualiza\u00e7\u00f5es, que ocorrem a qualquer momento, e fique por dentro das eventuais altera\u00e7\u00f5es no comportamento da atmosfera.<\/p>\n","protected":false},"excerpt":{"rendered":"<p>10h 50min Mais um forte temporal atingiu parte do Acre. Desta vez, foram os munic\u00edpios de Tarauac\u00e1 e Fe\u00edj\u00f3, que na manh\u00e3 desta quinta-feira, 31, foram tomados por chuvas fortes, queda de granizo, raios e ventanias, em v\u00e1rios pontos, causando susto \u00e0 popula\u00e7\u00e3o. Conforme os registros meteorol\u00f3gicos e os relatos de pessoas que entraram em [&hellip;]<\/p>\n","protected":false},"author":2,"featured_media":0,"comment_status":"open","ping_status":"open","sticky":false,"template":"","format":"standard","meta":{"_jetpack_memberships_contains_paid_content":false,"footnotes":"","jetpack_publicize_message":"","jetpack_publicize_feature_enabled":true,"jetpack_social_post_already_shared":true,"jetpack_social_options":{"image_generator_settings":{"template":"highway","enabled":false},"version":2}},"categories":[1],"tags":[37,35,45],"class_list":["post-1131","post","type-post","status-publish","format-standard","hentry","category-geral","tag-raios","tag-temporais","tag-ventania"],"jetpack_publicize_connections":[],"jetpack_featured_media_url":"","jetpack_likes_enabled":true,"jetpack_sharing_enabled":true,"_links":{"self":[{"href":"https:\/\/otempoaqui.com.br\/index.php?rest_route=\/wp\/v2\/posts\/1131","targetHints":{"allow":["GET"]}}],"collection":[{"href":"https:\/\/otempoaqui.com.br\/index.php?rest_route=\/wp\/v2\/posts"}],"about":[{"href":"https:\/\/otempoaqui.com.br\/index.php?rest_route=\/wp\/v2\/types\/post"}],"author":[{"embeddable":true,"href":"https:\/\/otempoaqui.com.br\/index.php?rest_route=\/wp\/v2\/users\/2"}],"replies":[{"embeddable":true,"href":"https:\/\/otempoaqui.com.br\/index.php?rest_route=%2Fwp%2Fv2%2Fcomments&post=1131"}],"version-history":[{"count":0,"href":"https:\/\/otempoaqui.com.br\/index.php?rest_route=\/wp\/v2\/posts\/1131\/revisions"}],"wp:attachment":[{"href":"https:\/\/otempoaqui.com.br\/index.php?rest_route=%2Fwp%2Fv2%2Fmedia&parent=1131"}],"wp:term":[{"taxonomy":"category","embeddable":true,"href":"https:\/\/otempoaqui.com.br\/index.php?rest_route=%2Fwp%2Fv2%2Fcategories&post=1131"},{"taxonomy":"post_tag","embeddable":true,"href":"https:\/\/otempoaqui.com.br\/index.php?rest_route=%2Fwp%2Fv2%2Ftags&post=1131"}],"curies":[{"name":"wp","href":"https:\/\/api.w.org\/{rel}","templated":true}]}}