{"id":1129,"date":"2013-10-31T14:59:33","date_gmt":"2013-10-31T14:59:33","guid":{"rendered":"http:\/\/otempoaqui.com\/?p=1129"},"modified":"2013-10-31T14:59:33","modified_gmt":"2013-10-31T14:59:33","slug":"forte-temporal-com-chuvas-e-queda-de-granizo-atingiu-os-municipios-de-capixaba-e-porto-walter-nesta-quarta-feira-choveu-torrencialmente-em-varios-municipios-do-acre","status":"publish","type":"post","link":"https:\/\/otempoaqui.com.br\/?p=1129","title":{"rendered":"Forte temporal, com chuvas e queda de granizo, atingiu os munic\u00edpios de Capixaba e Porto Walter, nesta quarta-feira. Choveu torrencialmente, em v\u00e1rios munic\u00edpios do Acre."},"content":{"rendered":"<p> 10h 5min<\/p>\n<p>     Forte temporal, com chuvas intensas (acima de 90mm), ventos de 40km\/h, raios e queda de granizo, atingiu os munic\u00edpios de Capixaba e Porto Walter, durante a tarde de quarta-feira, 30, causando susto \u00e0 popula\u00e7\u00e3o. Ventos fortes s<br \/>\n     Conforme os registros meteorol\u00f3gicos e relatos de moradores, o fen\u00f4meno causaou susto \u00e0 popula\u00e7\u00e3o.<br \/>\n     Chuvas torrenciais, em torno de 70mm, tamb\u00e9m, ca\u00edram, no vale dos rios Iaco, Caet\u00e9, Juru\u00e1, Envira, Purus e do riozinho do Rola.<br \/>\n     Choveu, nesta quarta-feira, mais uma vez, em todos os munic\u00edpios do estado.<br \/>\n     A causa \u00e9 a elevada umdade do ar, vindo do oceano Atl\u00e2ntico, associada \u00e0 evapotranspira\u00e7\u00e3o da floresta causada pelo calor provocado pela intensa radia\u00e7\u00e3o solar, uma  vez que se aproxima a esta\u00e7\u00e3o do ver\u00e3o, quando os raios solares incidem com maior intensidade sobre a superf\u00edcie da Am\u00e9rica do Sul.<\/p>\n","protected":false},"excerpt":{"rendered":"<p>10h 5min Forte temporal, com chuvas intensas (acima de 90mm), ventos de 40km\/h, raios e queda de granizo, atingiu os munic\u00edpios de Capixaba e Porto Walter, durante a tarde de quarta-feira, 30, causando susto \u00e0 popula\u00e7\u00e3o. Ventos fortes s Conforme os registros meteorol\u00f3gicos e relatos de moradores, o fen\u00f4meno causaou susto \u00e0 popula\u00e7\u00e3o. Chuvas torrenciais, [&hellip;]<\/p>\n","protected":false},"author":2,"featured_media":0,"comment_status":"open","ping_status":"open","sticky":false,"template":"","format":"standard","meta":{"_jetpack_memberships_contains_paid_content":false,"footnotes":"","jetpack_publicize_message":"","jetpack_publicize_feature_enabled":true,"jetpack_social_post_already_shared":true,"jetpack_social_options":{"image_generator_settings":{"template":"highway","enabled":false},"version":2}},"categories":[1],"tags":[37,35,45],"class_list":["post-1129","post","type-post","status-publish","format-standard","hentry","category-geral","tag-raios","tag-temporais","tag-ventania"],"jetpack_publicize_connections":[],"jetpack_featured_media_url":"","jetpack_likes_enabled":true,"jetpack_sharing_enabled":true,"_links":{"self":[{"href":"https:\/\/otempoaqui.com.br\/index.php?rest_route=\/wp\/v2\/posts\/1129","targetHints":{"allow":["GET"]}}],"collection":[{"href":"https:\/\/otempoaqui.com.br\/index.php?rest_route=\/wp\/v2\/posts"}],"about":[{"href":"https:\/\/otempoaqui.com.br\/index.php?rest_route=\/wp\/v2\/types\/post"}],"author":[{"embeddable":true,"href":"https:\/\/otempoaqui.com.br\/index.php?rest_route=\/wp\/v2\/users\/2"}],"replies":[{"embeddable":true,"href":"https:\/\/otempoaqui.com.br\/index.php?rest_route=%2Fwp%2Fv2%2Fcomments&post=1129"}],"version-history":[{"count":0,"href":"https:\/\/otempoaqui.com.br\/index.php?rest_route=\/wp\/v2\/posts\/1129\/revisions"}],"wp:attachment":[{"href":"https:\/\/otempoaqui.com.br\/index.php?rest_route=%2Fwp%2Fv2%2Fmedia&parent=1129"}],"wp:term":[{"taxonomy":"category","embeddable":true,"href":"https:\/\/otempoaqui.com.br\/index.php?rest_route=%2Fwp%2Fv2%2Fcategories&post=1129"},{"taxonomy":"post_tag","embeddable":true,"href":"https:\/\/otempoaqui.com.br\/index.php?rest_route=%2Fwp%2Fv2%2Ftags&post=1129"}],"curies":[{"name":"wp","href":"https:\/\/api.w.org\/{rel}","templated":true}]}}