{"id":11032,"date":"2016-04-28T14:13:13","date_gmt":"2016-04-28T19:13:13","guid":{"rendered":"http:\/\/otempoaqui.com\/?p=11032"},"modified":"2016-04-28T13:25:51","modified_gmt":"2016-04-28T18:25:51","slug":"frio-de-141oc-com-sensacao-abaixo-de-10oc-e-ventos-de-70kmh-foram-o-resultado-ate-agora-da-primeira-friagem-de-2016-no-acre-saiba-tambem-como-foi-em-rondonia-e-no-amazonas","status":"publish","type":"post","link":"https:\/\/otempoaqui.com.br\/?p=11032","title":{"rendered":"Frio de 14,1\u00baC, com sensa\u00e7\u00e3o abaixo de 10\u00baC, e ventos de 70km\/h foram o resultado, at\u00e9 agora, da primeira friagem de 2016, no Acre. Saiba, tamb\u00e9m, como foi em Rond\u00f4nia e no Amazonas."},"content":{"rendered":"<p>11h 30min<\/p>\n<p>A primeira friagem de 2016 ficou bem caracterizada na Amaz\u00f4nia Ocidental, com a chegada de uma poderosa, forte e abrangente onda de frio polar. Mesmo em abril, m\u00eas que n\u00e3o traz hist\u00f3rico de queda acentuada de temperatura, a frente fria chegou com for\u00e7a, no Acre, no in\u00edcio da noite da \u00faltima ter\u00e7a-feira, dia 26, em Brasileia, e no final da manh\u00e3 do dia seguinte j\u00e1 tinha cruzado todo o estado.<br \/>\nLembrando sempre que frente fria n\u00e3o \u00e9 o pr\u00f3prio frio, mas a dianteira de uma onda de frio. A massa de ar polar, que come\u00e7a a chegar algumas horas depois, \u00e9 que faz a temperatura despencar.<br \/>\nOutro esclarecimento se faz necess\u00e1rio \u00e9 que, quando dizemos que uma frente fria ser\u00e1 forte, \u00e9 para informar que ela vem com ventos intensos e, muitas vezes, como foi o caso desta \u00faltima, provoca transtornos \u00e0 popula\u00e7\u00e3o.<br \/>\nImportante, tamb\u00e9m, esclarecer que uma onda de frio poderosa e abrangente n\u00e3o significa que o frio ser\u00e1 intenso, mas que essa massa de ar polar atingir\u00e1 uma vasta regi\u00e3o tendo em vista que \u00e9 alta a press\u00e3o atmosf\u00e9rica que a originou.<br \/>\nInformamos, nas nossas publica\u00e7\u00f5es anteriores, que a temperatura cairia brusca e acentuadamente, como realmente aconteceu, e que seria, para o m\u00eas de abril, a mais abrangente e prolongada dos \u00faltimos 30 anos. No entanto, em nenhuma ocasi\u00e3o, informamos que o frio seria o mais intenso do ano.<br \/>\nQuanto \u00e0 abrang\u00eancia dessa onda de frio, seus ventos, nesta quinta-feira, dia 28, j\u00e1 chegaram em Manaus e na sexta-feira estar\u00e3o soprando no hemisf\u00e9rio norte da Terra, ou seja, cruzando a Linha do Equador, mas nem por isso, haver\u00e1 queda acentuada da temperatura por l\u00e1, pois, durante o deslocamento, os ventos diminuem de intensidade e o ar frio come\u00e7a a se tropicalizar, causando muita chuva naquelas \u00e1reas.<br \/>\nNas \u00faltimas 24 horas, a menor temperatura registrada, no Acre, foi 14,1\u00baC, em Brasileia. Na capital acreana, o menor registro, at\u00e9 agora, foi 14,9\u00baC, \u00e0s 5 horas desta quinta-feira, na esta\u00e7\u00e3o meteorol\u00f3gica do aeroporto.<br \/>\nA sensa\u00e7\u00e3o t\u00e9rmica, no entanto, para quem esteve exposto aos ventos, ficou abaixo de 10\u00baC, de acordo com o m\u00e9todo padr\u00e3o utilizado pela Meteorologia.<br \/>\nVentos com rajadas superiores a 70km\/h, em Rio Branco, e a 69km\/h, em Porto Walter, foram registrados pelas esta\u00e7\u00f5es meteorol\u00f3gicas.<br \/>\nO frio vai continuar at\u00e9 a pr\u00f3xima noite de segunda-feira, dia 2 de maio, pois os ventos polares intensos da dire\u00e7\u00e3o sudeste estar\u00e3o presentes durante todos esses dias trazendo mais ar seco e, portanto, fazendo a umidade do ar despencar para valores m\u00ednimos abaixo de 40%, na parte da tarde.<br \/>\nDurante o dia, devido ao sol, a temperatura aumenta, mas n\u00e3o muito, com m\u00e1ximas abaixo de 27\u00baC. A noite, por\u00e9m, o frio aumenta rapidamente e dever\u00e3o ser registradas m\u00ednimas entre 11 e 14\u00baC, nos pr\u00f3ximos dias.<\/p>\n<p>TEMPERATURAS M\u00cdNIMAS NAS \u00daLTIMAS 48 HORAS<\/p>\n<p>ACRE<br \/>\n14,1\u00baC, em Brasileia.<br \/>\n14,9\u00baC, em Rio Branco e Marechal Thaumaturgo.<br \/>\n15,7\u00baC, em Santa Rosa do Purus.<br \/>\n15,9\u00baC, em Porto Walter.<br \/>\n16,3\u00baC, em Cruzeiro do Sul.<br \/>\n16,6\u00baC, em Feij\u00f3.<br \/>\n16,7\u00baC, em Tarauac\u00e1.<\/p>\n<p>ROND\u00d4NIA<br \/>\n10,4\u00baC, em Vilhena.<br \/>\n14,7\u00baC, em Cacoal.<br \/>\n16,7\u00baC, em Ariquemes.<br \/>\n17,2\u00baC, em Porto Velho.<\/p>\n<p>AMAZONAS<br \/>\n16,5\u00baC, em Boca do Acre.<br \/>\n17,2\u00baC, em Eirunep\u00e9.<br \/>\n18,2\u00baC, em L\u00e1brea.<\/p>\n","protected":false},"excerpt":{"rendered":"<p>11h 30min A primeira friagem de 2016 ficou bem caracterizada na Amaz\u00f4nia Ocidental, com a chegada de uma poderosa, forte e abrangente onda de frio polar. Mesmo em abril, m\u00eas que n\u00e3o traz hist\u00f3rico de queda acentuada de temperatura, a frente fria chegou com for\u00e7a, no Acre, no in\u00edcio da noite da \u00faltima ter\u00e7a-feira, dia [&hellip;]<\/p>\n","protected":false},"author":2,"featured_media":0,"comment_status":"open","ping_status":"open","sticky":false,"template":"","format":"standard","meta":{"_jetpack_memberships_contains_paid_content":false,"footnotes":"","jetpack_publicize_message":"","jetpack_publicize_feature_enabled":true,"jetpack_social_post_already_shared":true,"jetpack_social_options":{"image_generator_settings":{"template":"highway","enabled":false},"version":2}},"categories":[192,1],"tags":[10,180,30,46,168,26,45,38],"class_list":["post-11032","post","type-post","status-publish","format-standard","hentry","category-diario-do-tempo","category-geral","tag-diario-do-clima","tag-friagem","tag-frio-no-acre","tag-previsao-do-tempo-para-os-proximos-dias","tag-previsao-para-a-semana","tag-previsao-para-os-proximos-dias","tag-ventania","tag-ventanias"],"jetpack_publicize_connections":[],"jetpack_featured_media_url":"","jetpack_likes_enabled":true,"jetpack_sharing_enabled":true,"_links":{"self":[{"href":"https:\/\/otempoaqui.com.br\/index.php?rest_route=\/wp\/v2\/posts\/11032","targetHints":{"allow":["GET"]}}],"collection":[{"href":"https:\/\/otempoaqui.com.br\/index.php?rest_route=\/wp\/v2\/posts"}],"about":[{"href":"https:\/\/otempoaqui.com.br\/index.php?rest_route=\/wp\/v2\/types\/post"}],"author":[{"embeddable":true,"href":"https:\/\/otempoaqui.com.br\/index.php?rest_route=\/wp\/v2\/users\/2"}],"replies":[{"embeddable":true,"href":"https:\/\/otempoaqui.com.br\/index.php?rest_route=%2Fwp%2Fv2%2Fcomments&post=11032"}],"version-history":[{"count":0,"href":"https:\/\/otempoaqui.com.br\/index.php?rest_route=\/wp\/v2\/posts\/11032\/revisions"}],"wp:attachment":[{"href":"https:\/\/otempoaqui.com.br\/index.php?rest_route=%2Fwp%2Fv2%2Fmedia&parent=11032"}],"wp:term":[{"taxonomy":"category","embeddable":true,"href":"https:\/\/otempoaqui.com.br\/index.php?rest_route=%2Fwp%2Fv2%2Fcategories&post=11032"},{"taxonomy":"post_tag","embeddable":true,"href":"https:\/\/otempoaqui.com.br\/index.php?rest_route=%2Fwp%2Fv2%2Ftags&post=11032"}],"curies":[{"name":"wp","href":"https:\/\/api.w.org\/{rel}","templated":true}]}}