{"id":11020,"date":"2016-04-27T09:19:00","date_gmt":"2016-04-27T14:19:00","guid":{"rendered":"http:\/\/otempoaqui.com\/?p=11020"},"modified":"2016-04-27T09:19:00","modified_gmt":"2016-04-27T14:19:00","slug":"alerta-urgente-cruzeiro-do-sul-tarauaca-e-proximidades-serao-atingidas-por-ventos-fortes-e-queda-acentuada-da-temperatura-nas-proximas-horas","status":"publish","type":"post","link":"https:\/\/otempoaqui.com.br\/?p=11020","title":{"rendered":"ALERTA URGENTE: Cruzeiro do Sul, Tarauac\u00e1 e proximidades ser\u00e3o atingidas por ventos fortes e perigosos e queda acentuada da temperatura nas pr\u00f3ximas horas."},"content":{"rendered":"<p>7h 30min<\/p>\n<p>TEMPORAIS COM VENTOS FORTES E PERIGOSOS<br \/>\nO Tempo Aqui alerta as cidades de Cruzeiro do Sul, Tarauac\u00e1, Feij\u00f3, Jord\u00e3o, Marechal Thaumaturgo, Porto Walter, Rodrigues Alves, M\u00e2ncio Lima, Guajar\u00e1, Ipixuna, Envira, Eirunep\u00e9 e proximidades.<br \/>\nUma intensa onda de frio polar atingir\u00e1 essas cidades, a partir da manh\u00e3 e durante a tarde desta quarta-feira (27\/4\/2016), com ventos fortes e perigosos, cujas rajadas poder\u00e3o atingir 70km\/h ou mais, podendo provocar transtornos \u00e0 popula\u00e7\u00e3o, como queda de galhos e \u00e1rvores e destelhamento de edifica\u00e7\u00f5es.<br \/>\nEspecificamente, em Cruzeiro do Sul, esses ventos dever\u00e3o chegar no final da manh\u00e3 ou no in\u00edcio da tarde desta quarta-feira.<br \/>\nEm algumas \u00e1reas, dever\u00e3o ocorrer chuvas fortes, acompanhadas de raios e eventual queda de granizo localizada.<\/p>\n<p>QUEDA BRUSCA E ACENTUADA DA TEMPERATURA<br \/>\nImediatamente ap\u00f3s a chegada dessa frente fria, uma poderosa massa de ar frio, de origem polar, far\u00e1 a temperatura cair brusca e acentuadamente, com valores m\u00ednimos, durante a noite, oscilando, entre 15 e 17\u00baC, em Cruzeiro do Sul e Tarauac\u00e1, por\u00e9m, com sensa\u00e7\u00e3o t\u00e9rmica bem inferior devido aos fortes ventos da dire\u00e7\u00e3o sudeste que estar\u00e3o soprando.<br \/>\nNa quinta-feira e na sexta-feira, em todo o vale do Juru\u00e1 e nas regi\u00f5es de Tarauac\u00e1 e Eirunep\u00e9, a temperatura m\u00e1xima ficar\u00e1 abaixo de 22\u00baC e a m\u00ednima, entre 14 e 16\u00baC.<\/p>\n","protected":false},"excerpt":{"rendered":"<p>7h 30min TEMPORAIS COM VENTOS FORTES E PERIGOSOS O Tempo Aqui alerta as cidades de Cruzeiro do Sul, Tarauac\u00e1, Feij\u00f3, Jord\u00e3o, Marechal Thaumaturgo, Porto Walter, Rodrigues Alves, M\u00e2ncio Lima, Guajar\u00e1, Ipixuna, Envira, Eirunep\u00e9 e proximidades. Uma intensa onda de frio polar atingir\u00e1 essas cidades, a partir da manh\u00e3 e durante a tarde desta quarta-feira (27\/4\/2016), [&hellip;]<\/p>\n","protected":false},"author":2,"featured_media":0,"comment_status":"open","ping_status":"open","sticky":false,"template":"","format":"standard","meta":{"_jetpack_memberships_contains_paid_content":false,"footnotes":"","jetpack_publicize_message":"","jetpack_publicize_feature_enabled":true,"jetpack_social_post_already_shared":true,"jetpack_social_options":{"image_generator_settings":{"template":"highway","enabled":false},"version":2}},"categories":[1,193],"tags":[73,180,30,23,35,45,38],"class_list":["post-11020","post","type-post","status-publish","format-standard","hentry","category-geral","category-previsao-do-tempo","tag-alerta-de-temporais","tag-friagem","tag-frio-no-acre","tag-previsao-do-tempo","tag-temporais","tag-ventania","tag-ventanias"],"jetpack_publicize_connections":[],"jetpack_featured_media_url":"","jetpack_likes_enabled":true,"jetpack_sharing_enabled":true,"_links":{"self":[{"href":"https:\/\/otempoaqui.com.br\/index.php?rest_route=\/wp\/v2\/posts\/11020","targetHints":{"allow":["GET"]}}],"collection":[{"href":"https:\/\/otempoaqui.com.br\/index.php?rest_route=\/wp\/v2\/posts"}],"about":[{"href":"https:\/\/otempoaqui.com.br\/index.php?rest_route=\/wp\/v2\/types\/post"}],"author":[{"embeddable":true,"href":"https:\/\/otempoaqui.com.br\/index.php?rest_route=\/wp\/v2\/users\/2"}],"replies":[{"embeddable":true,"href":"https:\/\/otempoaqui.com.br\/index.php?rest_route=%2Fwp%2Fv2%2Fcomments&post=11020"}],"version-history":[{"count":0,"href":"https:\/\/otempoaqui.com.br\/index.php?rest_route=\/wp\/v2\/posts\/11020\/revisions"}],"wp:attachment":[{"href":"https:\/\/otempoaqui.com.br\/index.php?rest_route=%2Fwp%2Fv2%2Fmedia&parent=11020"}],"wp:term":[{"taxonomy":"category","embeddable":true,"href":"https:\/\/otempoaqui.com.br\/index.php?rest_route=%2Fwp%2Fv2%2Fcategories&post=11020"},{"taxonomy":"post_tag","embeddable":true,"href":"https:\/\/otempoaqui.com.br\/index.php?rest_route=%2Fwp%2Fv2%2Ftags&post=11020"}],"curies":[{"name":"wp","href":"https:\/\/api.w.org\/{rel}","templated":true}]}}