{"id":10983,"date":"2016-04-23T17:50:43","date_gmt":"2016-04-23T22:50:43","guid":{"rendered":"http:\/\/otempoaqui.com\/?p=10983"},"modified":"2016-04-23T17:07:24","modified_gmt":"2016-04-23T22:07:24","slug":"alerta-mudanca-brusca-e-radical-do-tempo-provocara-queda-acentuada-da-temperatura-e-fortes-ventanias-com-perigo-potencial-de-causar-serios-transtornos-a-populacao","status":"publish","type":"post","link":"https:\/\/otempoaqui.com.br\/?p=10983","title":{"rendered":"ALERTA: Mudan\u00e7a brusca e radical do tempo provocar\u00e1 queda acentuada da temperatura e ventanias perigosas, na pr\u00f3xima semana, no Acre e Rond\u00f4nia."},"content":{"rendered":"<p>17h 40min<\/p>\n<p>O Tempo Aqui confirma a chegada da uma intensa onda de frio, durante a tarde ou nas primeiras horas da noite da pr\u00f3xima ter\u00e7a-feira, dia 26 de abril de 2016, no Acre e em Rond\u00f4nia.<br \/>\nA mudan\u00e7a brusca e radical do tempo come\u00e7ar\u00e1 com a chegada repentina de fort\u00edssimas rajadas de vento com velocidade que poder\u00e1 superar 70km\/h, em alguns pontos mais altos.<br \/>\nLogo em seguida, a temperatura cair\u00e1 acentuadamente para valores que dever\u00e3o oscilar entre 12 e 14\u00baC ou menos, em Rio Branco, Brasileia, Sena Madureira, Boca do Acre, Vilhena, Guajar\u00e1-Mirim e cidades pr\u00f3ximas. Em Porto Velho, as m\u00ednimas ficar\u00e3o situadas entre 16 e 18\u00baC, nos primeiros dias.<br \/>\nAntes, no in\u00edcio da ter\u00e7a-feira, essa onda de frio atingir\u00e1 o sul e sudoeste de Mato Grosso, despencando a temperatura, tamb\u00e9m, em Cuiab\u00e1, C\u00e1ceres e toda a regi\u00e3o do Pantanal. Na quarta-feira j\u00e1 ter\u00e1 invadido todo o Acre e o sul e sudoeste do Amazonas, fazendo a temperatura despencar, em Cruzeiro do Sul, para valores m\u00ednimos entre 15 e 17\u00baC.<br \/>\nEssa ser\u00e1 caracterizada uma t\u00edpica friagem da Amaz\u00f4nia Ocidental, em pleno m\u00eas de abril, dois meses antes das chegada do inverno, quando s\u00e3o comuns tais fen\u00f4menos nesta parte do Brasil.<br \/>\nAssim, O Tempo Aqui mant\u00e9m sua posi\u00e7\u00e3o de que essa poder\u00e1 ser a mais forte e duradoura friagem dos \u00faltimos 30 anos, para o m\u00eas de abril, no Acre, em Rond\u00f4nia e em parte do Amazonas.<br \/>\nA poderosa massa de ar frio, de origem polar, avan\u00e7ar\u00e1 com tanta for\u00e7a que atingir\u00e1 a maior parte do estado Amazonas, inclusive, a cidade de Manaus, onde a temperatura m\u00ednima poder\u00e1 oscilar entre 18 e 20\u00baC, na pr\u00f3xima semana. \u00c9 alta a probabilidade de que esses ventos polares cruzem at\u00e9 a Linha do Equador, atingindo o extremo norte do Amazonas, j\u00e1 no hemisf\u00e9rio norte da Terra, por\u00e9m, j\u00e1 com fraca intensidade.<br \/>\nEm alguns pontos do Acre e de Rond\u00f4nia, poder\u00e3o ocorrer m\u00ednimas entre 9 e 12\u00baC.<br \/>\nO frio que se aproxima ser\u00e1 duradouro e deixar\u00e1 os dias completamente encobertos, ou seja, o sol n\u00e3o aparecer\u00e1, e o frio estar\u00e1 presente durante o dia inteiro, com m\u00e1ximas abaixo de 18\u00baC, em Rio Branco e Brasileia, por\u00e9m com sensa\u00e7\u00e3o t\u00e9rmica bem inferior, devido aos fortes ventos da dire\u00e7\u00e3o sudeste que estar\u00e3o soprando ininterruptamente, pelo menos, at\u00e9 s\u00e1bado, dia 30 de abril.<br \/>\nPortanto, prepare-se com agasalhos e lembre-se daqueles que n\u00e3o tem condi\u00e7\u00f5es de adquiri-los.<\/p>\n<p>Acompanhe nossas atualiza\u00e7\u00f5es di\u00e1rias para ficar melhor informado sobre essa friagem e sobre a previs\u00e3o do tempo para cada dia.<\/p>\n","protected":false},"excerpt":{"rendered":"<p>17h 40min O Tempo Aqui confirma a chegada da uma intensa onda de frio, durante a tarde ou nas primeiras horas da noite da pr\u00f3xima ter\u00e7a-feira, dia 26 de abril de 2016, no Acre e em Rond\u00f4nia. A mudan\u00e7a brusca e radical do tempo come\u00e7ar\u00e1 com a chegada repentina de fort\u00edssimas rajadas de vento com [&hellip;]<\/p>\n","protected":false},"author":2,"featured_media":0,"comment_status":"open","ping_status":"open","sticky":false,"template":"","format":"standard","meta":{"_jetpack_memberships_contains_paid_content":false,"footnotes":"","jetpack_publicize_message":"","jetpack_publicize_feature_enabled":true,"jetpack_social_post_already_shared":true,"jetpack_social_options":{"image_generator_settings":{"template":"highway","enabled":false},"version":2}},"categories":[1,193],"tags":[73,180,104,9,30,14,46,26],"class_list":["post-10983","post","type-post","status-publish","format-standard","hentry","category-geral","category-previsao-do-tempo","tag-alerta-de-temporais","tag-friagem","tag-frio-intenso","tag-frio-intenso-no-acre","tag-frio-no-acre","tag-muito-frio-no-acre","tag-previsao-do-tempo-para-os-proximos-dias","tag-previsao-para-os-proximos-dias"],"jetpack_publicize_connections":[],"jetpack_featured_media_url":"","jetpack_likes_enabled":true,"jetpack_sharing_enabled":true,"_links":{"self":[{"href":"https:\/\/otempoaqui.com.br\/index.php?rest_route=\/wp\/v2\/posts\/10983","targetHints":{"allow":["GET"]}}],"collection":[{"href":"https:\/\/otempoaqui.com.br\/index.php?rest_route=\/wp\/v2\/posts"}],"about":[{"href":"https:\/\/otempoaqui.com.br\/index.php?rest_route=\/wp\/v2\/types\/post"}],"author":[{"embeddable":true,"href":"https:\/\/otempoaqui.com.br\/index.php?rest_route=\/wp\/v2\/users\/2"}],"replies":[{"embeddable":true,"href":"https:\/\/otempoaqui.com.br\/index.php?rest_route=%2Fwp%2Fv2%2Fcomments&post=10983"}],"version-history":[{"count":0,"href":"https:\/\/otempoaqui.com.br\/index.php?rest_route=\/wp\/v2\/posts\/10983\/revisions"}],"wp:attachment":[{"href":"https:\/\/otempoaqui.com.br\/index.php?rest_route=%2Fwp%2Fv2%2Fmedia&parent=10983"}],"wp:term":[{"taxonomy":"category","embeddable":true,"href":"https:\/\/otempoaqui.com.br\/index.php?rest_route=%2Fwp%2Fv2%2Fcategories&post=10983"},{"taxonomy":"post_tag","embeddable":true,"href":"https:\/\/otempoaqui.com.br\/index.php?rest_route=%2Fwp%2Fv2%2Ftags&post=10983"}],"curies":[{"name":"wp","href":"https:\/\/api.w.org\/{rel}","templated":true}]}}