{"id":10743,"date":"2016-03-31T09:53:38","date_gmt":"2016-03-31T14:53:38","guid":{"rendered":"http:\/\/otempoaqui.com\/?p=10743"},"modified":"2016-03-31T09:35:56","modified_gmt":"2016-03-31T14:35:56","slug":"o-tempo-aqui-publica-a-ultima-edicao-do-plantao-do-verao-2016-enchentes-estao-definitivamente-descartadas","status":"publish","type":"post","link":"https:\/\/otempoaqui.com.br\/?p=10743","title":{"rendered":"O Tempo Aqui publica a \u00faltima edi\u00e7\u00e3o do Plant\u00e3o do Ver\u00e3o 2016. Enchentes est\u00e3o definitivamente descartadas."},"content":{"rendered":"<p>8h 50min<\/p>\n<p>Hoje \u00e9 quinta-feira, dia em que O Tempo Aqui publica o &#8220;Plant\u00e3o do Ver\u00e3o 2016&#8221;, onde s\u00e3o mostradas a situa\u00e7\u00e3o atual e a tend\u00eancia do n\u00edvel dos principais rios do Acre e de Rond\u00f4nia, no sentido de prevenir poss\u00edveis situa\u00e7\u00f5es de transtornos provocadas pelas enchentes neste per\u00edodo chuvoso.<br \/>\nFelizmente, hoje, 31 de mar\u00e7o de 2016, encerramos essas publica\u00e7\u00f5es semanais. Felizmente, sim, porque n\u00e3o houve e n\u00e3o h\u00e1 motivos para preocupa\u00e7\u00f5es, pois a possibilidade de que ainda ocorra uma enchente ou at\u00e9 mesmo um transbordamento dos principais rios \u00e9 praticamente nula para este per\u00edodo chuvoso.<br \/>\nAssim, O Tempo Aqui deixa de publicar o Plant\u00e3o do Ver\u00e3o 2016, voltando a fazer novas publica\u00e7\u00f5es nesse sentido, a partir de dezembro deste ano, quando come\u00e7a o ver\u00e3o de 2017. Assim, a partir do final deste ano, voltaremos a dar as informa\u00e7\u00f5es necess\u00e1rias para que a popula\u00e7\u00e3o n\u00e3o seja surpreendida com enchentes alarmantes no pr\u00f3ximo ano.<br \/>\nA situa\u00e7\u00e3o atual \u00e9 de absoluta tranquilidade, no Acre e em Rond\u00f4nia, no que diz respeito aos rios Acre, Iaco, Tarauac\u00e1, Juru\u00e1, Purus, Envira, Madeira, Mamor\u00e9, Abun\u00e3 e Guapor\u00e9.<br \/>\nApenas os pequenos rios e igarap\u00e9s \u00e9 que poder\u00e3o, ainda, transbordar e provocar transtornos \u00e0 popula\u00e7\u00e3o ribeirinha, mas de forma passageira, caso ocorram chuvas fortes e intensas em alguns vales desses rios, o que \u00e9 pouco prov\u00e1vel.<br \/>\nNesse m\u00eas de abril de 2016, as chuvas ainda poder\u00e3o ser fortes, em alguns dias, nas primeiras duas semanas, mas ser\u00e3o chuvas passageiras. N\u00e3o h\u00e1 nenhuma perspectiva de tempo chuvoso por v\u00e1rios dias consecutivos.<br \/>\nUma frente fria forte, que dever\u00e1 ser sucedida por uma onda de frio moderado, de origem polar, dever\u00e1 acontecer por volta do meio deste m\u00eas. Essa onda de frio ser\u00e1 formada por ar bastante seco e, assim, a elevada umidade atual, que est\u00e1 sobre o Acre e Rond\u00f4nia, ser\u00e1 &#8220;empurrada&#8221; para o norte, deixando o tempo mais firme, com menos chuva, no restante do m\u00eas. No entanto, n\u00e3o est\u00e1 descartada uma eventual chuva forte at\u00e9 o final de abril, mas ser\u00e1 de curta dura\u00e7\u00e3o. Tamb\u00e9m, como j\u00e1 informamos, em edi\u00e7\u00f5es anteriores, n\u00e3o h\u00e1 perspectivas de que, em 2016, ocorra seca severa, pois as chuvas dever\u00e3o ficar dentro da faixa de normalidade, em todo o Acre, muito embora algumas semanas ser\u00e3o extremamente secas, como \u00e9 normal durante o inverno nesta parte da Amaz\u00f4nia Ocidental.<br \/>\nO Tempo Aqui permanecer\u00e1 de plant\u00e3o e, caso necess\u00e1rio, informar\u00e1 quaisquer condi\u00e7\u00f5es atmosf\u00e9ricas que possam resultar em uma eventual enchente dos rios maiores.<br \/>\n\u00c0s milhares de pessoas que acessaram os nossos avisos, O Tempo Aqui s\u00f3 tem a agradecer pelo prest\u00edgio e respeito \u00e0s nossas informa\u00e7\u00f5es. Foram muitas as mensagens recebidas e por n\u00f3s respondidas. Esperamos haver contribu\u00eddo para a tomada de decis\u00f5es de muitas pessoas que nos procuraram.<br \/>\nNo final deste ano, voltaremos com o Plant\u00e3o do Ver\u00e3o 2017.<br \/>\nContinue acessando o portal O Tempo Aqui para ficar bem informado sobre o tempo di\u00e1rio no Acre, em Rond\u00f4nia, no Amazonas, em Mato Grosso, em Goi\u00e1s, no Distrito Federal, no Peru e na Bol\u00edvia.<\/p>\n","protected":false},"excerpt":{"rendered":"<p>8h 50min Hoje \u00e9 quinta-feira, dia em que O Tempo Aqui publica o &#8220;Plant\u00e3o do Ver\u00e3o 2016&#8221;, onde s\u00e3o mostradas a situa\u00e7\u00e3o atual e a tend\u00eancia do n\u00edvel dos principais rios do Acre e de Rond\u00f4nia, no sentido de prevenir poss\u00edveis situa\u00e7\u00f5es de transtornos provocadas pelas enchentes neste per\u00edodo chuvoso. Felizmente, hoje, 31 de mar\u00e7o [&hellip;]<\/p>\n","protected":false},"author":2,"featured_media":0,"comment_status":"open","ping_status":"open","sticky":false,"template":"","format":"standard","meta":{"_jetpack_memberships_contains_paid_content":false,"footnotes":"","jetpack_publicize_message":"","jetpack_publicize_feature_enabled":true,"jetpack_social_post_already_shared":true,"jetpack_social_options":{"image_generator_settings":{"template":"highway","enabled":false},"version":2}},"categories":[1],"tags":[163,161,171,172,82,64,92],"class_list":["post-10743","post","type-post","status-publish","format-standard","hentry","category-geral","tag-alerta-de-enchente","tag-enchente","tag-enchente-do-rio-acre","tag-enchentes","tag-enchentes-e-alagacoes","tag-rio-acre","tag-rio-madeira"],"jetpack_publicize_connections":[],"jetpack_featured_media_url":"","jetpack_likes_enabled":true,"jetpack_sharing_enabled":true,"_links":{"self":[{"href":"https:\/\/otempoaqui.com.br\/index.php?rest_route=\/wp\/v2\/posts\/10743","targetHints":{"allow":["GET"]}}],"collection":[{"href":"https:\/\/otempoaqui.com.br\/index.php?rest_route=\/wp\/v2\/posts"}],"about":[{"href":"https:\/\/otempoaqui.com.br\/index.php?rest_route=\/wp\/v2\/types\/post"}],"author":[{"embeddable":true,"href":"https:\/\/otempoaqui.com.br\/index.php?rest_route=\/wp\/v2\/users\/2"}],"replies":[{"embeddable":true,"href":"https:\/\/otempoaqui.com.br\/index.php?rest_route=%2Fwp%2Fv2%2Fcomments&post=10743"}],"version-history":[{"count":0,"href":"https:\/\/otempoaqui.com.br\/index.php?rest_route=\/wp\/v2\/posts\/10743\/revisions"}],"wp:attachment":[{"href":"https:\/\/otempoaqui.com.br\/index.php?rest_route=%2Fwp%2Fv2%2Fmedia&parent=10743"}],"wp:term":[{"taxonomy":"category","embeddable":true,"href":"https:\/\/otempoaqui.com.br\/index.php?rest_route=%2Fwp%2Fv2%2Fcategories&post=10743"},{"taxonomy":"post_tag","embeddable":true,"href":"https:\/\/otempoaqui.com.br\/index.php?rest_route=%2Fwp%2Fv2%2Ftags&post=10743"}],"curies":[{"name":"wp","href":"https:\/\/api.w.org\/{rel}","templated":true}]}}